{"id":2540,"date":"2026-08-29T17:18:27","date_gmt":"2026-08-29T15:18:27","guid":{"rendered":"https:\/\/www.cotesducouchois.com\/?p=2540"},"modified":"2026-08-29T17:18:37","modified_gmt":"2026-08-29T15:18:37","slug":"la-depeche-septembre-2026","status":"publish","type":"post","link":"https:\/\/www.cotesducouchois.com\/en\/newsletter\/la-depeche-septembre-2026\/","title":{"rendered":"La d\u00e9p\u00eache \u2013 Septembre 2026"},"content":{"rendered":"","protected":false},"excerpt":{"rendered":"<p>Des tous premiers jours de juin au 21 ao\u00fbt, on a beau faire et refaire les calculs, nous sommes plus pr\u00e8s des 80 jours que des 100. Alors bien \u00e9videmment la centaine est flexible et il n\u2019est pas rare de cueillir le fruit m\u00fbr une dizaine de jours auparavant lors d\u2019ann\u00e9es solaires, de mill\u00e9simes chauds.<\/p>","protected":false},"author":1,"featured_media":2541,"comment_status":"closed","ping_status":"closed","sticky":false,"template":"","format":"standard","meta":{"_et_pb_use_builder":"","_et_pb_old_content":"","_et_gb_content_width":"","footnotes":""},"categories":[38],"tags":[],"class_list":["post-2540","post","type-post","status-publish","format-standard","has-post-thumbnail","hentry","category-newsletter"],"yoast_head":"<!-- This site is optimized with the Yoast SEO plugin v28.4 - https:\/\/yoast.com\/product\/yoast-seo-wordpress\/ -->\n<title>la-depeche-septembre-2026<\/title>\n<meta name=\"description\" content=\"Des tous premiers jours de juin au 21 ao\u00fbt, cueillir le fruit m\u00fbr une dizaine de jours auparavant lors d\u2019ann\u00e9es solaires.\" \/>\n<meta name=\"robots\" content=\"index, follow, max-snippet:-1, max-image-preview:large, max-video-preview:-1\" \/>\n<link rel=\"canonical\" href=\"https:\/\/www.cotesducouchois.com\/en\/newsletter\/la-depeche-septembre-2026\/\" \/>\n<meta property=\"og:locale\" content=\"en_GB\" \/>\n<meta property=\"og:type\" content=\"article\" \/>\n<meta property=\"og:title\" content=\"la-depeche-septembre-2026\" \/>\n<meta property=\"og:description\" content=\"Des tous premiers jours de juin au 21 ao\u00fbt, cueillir le fruit m\u00fbr une dizaine de jours auparavant lors d\u2019ann\u00e9es solaires.\" \/>\n<meta property=\"og:url\" content=\"https:\/\/www.cotesducouchois.com\/en\/newsletter\/la-depeche-septembre-2026\/\" \/>\n<meta property=\"og:site_name\" content=\"C\u00f4tes du Couchois\" \/>\n<meta property=\"article:published_time\" content=\"2026-08-29T15:18:27+00:00\" \/>\n<meta property=\"article:modified_time\" content=\"2026-08-29T15:18:37+00:00\" \/>\n<meta property=\"og:image\" content=\"https:\/\/www.cotesducouchois.com\/wp-content\/uploads\/2026\/08\/Capture-decran_20260829_171324-e1788016531320.png\" \/>\n\t<meta property=\"og:image:width\" content=\"450\" \/>\n\t<meta property=\"og:image:height\" content=\"320\" \/>\n\t<meta property=\"og:image:type\" content=\"image\/png\" \/>\n<meta name=\"author\" content=\"Maestro\" \/>\n<meta name=\"twitter:card\" content=\"summary_large_image\" \/>\n<meta name=\"twitter:label1\" content=\"Written by\" \/>\n\t<meta name=\"twitter:data1\" content=\"Maestro\" \/>\n\t<meta name=\"twitter:label2\" content=\"Estimated reading time\" \/>\n\t<meta name=\"twitter:data2\" content=\"1 minute\" \/>\n<script type=\"application\/ld+json\" class=\"yoast-schema-graph\">{\"@context\":\"https:\\\/\\\/schema.org\",\"@graph\":[{\"@type\":\"Article\",\"@id\":\"https:\\\/\\\/www.cotesducouchois.com\\\/newsletter\\\/la-depeche-septembre-2026\\\/#article\",\"isPartOf\":{\"@id\":\"https:\\\/\\\/www.cotesducouchois.com\\\/newsletter\\\/la-depeche-septembre-2026\\\/\"},\"author\":{\"name\":\"Maestro\",\"@id\":\"https:\\\/\\\/www.cotesducouchois.com\\\/#\\\/schema\\\/person\\\/afd65c9fa0c78ebc70be04e108e15de0\"},\"headline\":\"La d\u00e9p\u00eache \u2013 Septembre 2026\",\"datePublished\":\"2026-08-29T15:18:27+00:00\",\"dateModified\":\"2026-08-29T15:18:37+00:00\",\"mainEntityOfPage\":{\"@id\":\"https:\\\/\\\/www.cotesducouchois.com\\\/newsletter\\\/la-depeche-septembre-2026\\\/\"},\"wordCount\":5,\"image\":{\"@id\":\"https:\\\/\\\/www.cotesducouchois.com\\\/newsletter\\\/la-depeche-septembre-2026\\\/#primaryimage\"},\"thumbnailUrl\":\"https:\\\/\\\/www.cotesducouchois.com\\\/wp-content\\\/uploads\\\/2026\\\/08\\\/Capture-decran_20260829_171324-e1788016531320.png\",\"articleSection\":[\"La d\u00e9p\u00eache de l'union\"],\"inLanguage\":\"en-GB\"},{\"@type\":\"WebPage\",\"@id\":\"https:\\\/\\\/www.cotesducouchois.com\\\/newsletter\\\/la-depeche-septembre-2026\\\/\",\"url\":\"https:\\\/\\\/www.cotesducouchois.com\\\/newsletter\\\/la-depeche-septembre-2026\\\/\",\"name\":\"la-depeche-septembre-2026\",\"isPartOf\":{\"@id\":\"https:\\\/\\\/www.cotesducouchois.com\\\/#website\"},\"primaryImageOfPage\":{\"@id\":\"https:\\\/\\\/www.cotesducouchois.com\\\/newsletter\\\/la-depeche-septembre-2026\\\/#primaryimage\"},\"image\":{\"@id\":\"https:\\\/\\\/www.cotesducouchois.com\\\/newsletter\\\/la-depeche-septembre-2026\\\/#primaryimage\"},\"thumbnailUrl\":\"https:\\\/\\\/www.cotesducouchois.com\\\/wp-content\\\/uploads\\\/2026\\\/08\\\/Capture-decran_20260829_171324-e1788016531320.png\",\"datePublished\":\"2026-08-29T15:18:27+00:00\",\"dateModified\":\"2026-08-29T15:18:37+00:00\",\"author\":{\"@id\":\"https:\\\/\\\/www.cotesducouchois.com\\\/#\\\/schema\\\/person\\\/afd65c9fa0c78ebc70be04e108e15de0\"},\"description\":\"Des tous premiers jours de juin au 21 ao\u00fbt, cueillir le fruit m\u00fbr une dizaine de jours auparavant lors d\u2019ann\u00e9es solaires.\",\"breadcrumb\":{\"@id\":\"https:\\\/\\\/www.cotesducouchois.com\\\/newsletter\\\/la-depeche-septembre-2026\\\/#breadcrumb\"},\"inLanguage\":\"en-GB\",\"potentialAction\":[{\"@type\":\"ReadAction\",\"target\":[\"https:\\\/\\\/www.cotesducouchois.com\\\/newsletter\\\/la-depeche-septembre-2026\\\/\"]}]},{\"@type\":\"ImageObject\",\"inLanguage\":\"en-GB\",\"@id\":\"https:\\\/\\\/www.cotesducouchois.com\\\/newsletter\\\/la-depeche-septembre-2026\\\/#primaryimage\",\"url\":\"https:\\\/\\\/www.cotesducouchois.com\\\/wp-content\\\/uploads\\\/2026\\\/08\\\/Capture-decran_20260829_171324-e1788016531320.png\",\"contentUrl\":\"https:\\\/\\\/www.cotesducouchois.com\\\/wp-content\\\/uploads\\\/2026\\\/08\\\/Capture-decran_20260829_171324-e1788016531320.png\",\"width\":450,\"height\":320},{\"@type\":\"BreadcrumbList\",\"@id\":\"https:\\\/\\\/www.cotesducouchois.com\\\/newsletter\\\/la-depeche-septembre-2026\\\/#breadcrumb\",\"itemListElement\":[{\"@type\":\"ListItem\",\"position\":1,\"name\":\"Accueil\",\"item\":\"https:\\\/\\\/www.cotesducouchois.com\\\/\"},{\"@type\":\"ListItem\",\"position\":2,\"name\":\"La d\u00e9p\u00eache \u2013 Septembre 2026\"}]},{\"@type\":\"WebSite\",\"@id\":\"https:\\\/\\\/www.cotesducouchois.com\\\/#website\",\"url\":\"https:\\\/\\\/www.cotesducouchois.com\\\/\",\"name\":\"C\u00f4tes du Couchois\",\"description\":\"Union des producteurs et n\u00e9gociants de l&#039;AOC C\u00f4tes du Couchois\",\"potentialAction\":[{\"@type\":\"SearchAction\",\"target\":{\"@type\":\"EntryPoint\",\"urlTemplate\":\"https:\\\/\\\/www.cotesducouchois.com\\\/?s={search_term_string}\"},\"query-input\":{\"@type\":\"PropertyValueSpecification\",\"valueRequired\":true,\"valueName\":\"search_term_string\"}}],\"inLanguage\":\"en-GB\"},{\"@type\":\"Person\",\"@id\":\"https:\\\/\\\/www.cotesducouchois.com\\\/#\\\/schema\\\/person\\\/afd65c9fa0c78ebc70be04e108e15de0\",\"name\":\"Maestro\",\"url\":\"https:\\\/\\\/www.cotesducouchois.com\\\/en\\\/author\\\/maestro\\\/\"}]}<\/script>\n<!-- \/ Yoast SEO plugin. -->","yoast_head_json":{"title":"la-depeche-septembre-2026","description":"Des tous premiers jours de juin au 21 ao\u00fbt, cueillir le fruit m\u00fbr une dizaine de jours auparavant lors d\u2019ann\u00e9es solaires.","robots":{"index":"index","follow":"follow","max-snippet":"max-snippet:-1","max-image-preview":"max-image-preview:large","max-video-preview":"max-video-preview:-1"},"canonical":"https:\/\/www.cotesducouchois.com\/en\/newsletter\/la-depeche-septembre-2026\/","og_locale":"en_GB","og_type":"article","og_title":"la-depeche-septembre-2026","og_description":"Des tous premiers jours de juin au 21 ao\u00fbt, cueillir le fruit m\u00fbr une dizaine de jours auparavant lors d\u2019ann\u00e9es solaires.","og_url":"https:\/\/www.cotesducouchois.com\/en\/newsletter\/la-depeche-septembre-2026\/","og_site_name":"C\u00f4tes du Couchois","article_published_time":"2026-08-29T15:18:27+00:00","article_modified_time":"2026-08-29T15:18:37+00:00","og_image":[{"width":450,"height":320,"url":"https:\/\/www.cotesducouchois.com\/wp-content\/uploads\/2026\/08\/Capture-decran_20260829_171324-e1788016531320.png","type":"image\/png"}],"author":"Maestro","twitter_card":"summary_large_image","twitter_misc":{"Written by":"Maestro","Estimated reading time":"1 minute"},"schema":{"@context":"https:\/\/schema.org","@graph":[{"@type":"Article","@id":"https:\/\/www.cotesducouchois.com\/newsletter\/la-depeche-septembre-2026\/#article","isPartOf":{"@id":"https:\/\/www.cotesducouchois.com\/newsletter\/la-depeche-septembre-2026\/"},"author":{"name":"Maestro","@id":"https:\/\/www.cotesducouchois.com\/#\/schema\/person\/afd65c9fa0c78ebc70be04e108e15de0"},"headline":"La d\u00e9p\u00eache \u2013 Septembre 2026","datePublished":"2026-08-29T15:18:27+00:00","dateModified":"2026-08-29T15:18:37+00:00","mainEntityOfPage":{"@id":"https:\/\/www.cotesducouchois.com\/newsletter\/la-depeche-septembre-2026\/"},"wordCount":5,"image":{"@id":"https:\/\/www.cotesducouchois.com\/newsletter\/la-depeche-septembre-2026\/#primaryimage"},"thumbnailUrl":"https:\/\/www.cotesducouchois.com\/wp-content\/uploads\/2026\/08\/Capture-decran_20260829_171324-e1788016531320.png","articleSection":["La d\u00e9p\u00eache de l'union"],"inLanguage":"en-GB"},{"@type":"WebPage","@id":"https:\/\/www.cotesducouchois.com\/newsletter\/la-depeche-septembre-2026\/","url":"https:\/\/www.cotesducouchois.com\/newsletter\/la-depeche-septembre-2026\/","name":"la-depeche-septembre-2026","isPartOf":{"@id":"https:\/\/www.cotesducouchois.com\/#website"},"primaryImageOfPage":{"@id":"https:\/\/www.cotesducouchois.com\/newsletter\/la-depeche-septembre-2026\/#primaryimage"},"image":{"@id":"https:\/\/www.cotesducouchois.com\/newsletter\/la-depeche-septembre-2026\/#primaryimage"},"thumbnailUrl":"https:\/\/www.cotesducouchois.com\/wp-content\/uploads\/2026\/08\/Capture-decran_20260829_171324-e1788016531320.png","datePublished":"2026-08-29T15:18:27+00:00","dateModified":"2026-08-29T15:18:37+00:00","author":{"@id":"https:\/\/www.cotesducouchois.com\/#\/schema\/person\/afd65c9fa0c78ebc70be04e108e15de0"},"description":"Des tous premiers jours de juin au 21 ao\u00fbt, cueillir le fruit m\u00fbr une dizaine de jours auparavant lors d\u2019ann\u00e9es solaires.","breadcrumb":{"@id":"https:\/\/www.cotesducouchois.com\/newsletter\/la-depeche-septembre-2026\/#breadcrumb"},"inLanguage":"en-GB","potentialAction":[{"@type":"ReadAction","target":["https:\/\/www.cotesducouchois.com\/newsletter\/la-depeche-septembre-2026\/"]}]},{"@type":"ImageObject","inLanguage":"en-GB","@id":"https:\/\/www.cotesducouchois.com\/newsletter\/la-depeche-septembre-2026\/#primaryimage","url":"https:\/\/www.cotesducouchois.com\/wp-content\/uploads\/2026\/08\/Capture-decran_20260829_171324-e1788016531320.png","contentUrl":"https:\/\/www.cotesducouchois.com\/wp-content\/uploads\/2026\/08\/Capture-decran_20260829_171324-e1788016531320.png","width":450,"height":320},{"@type":"BreadcrumbList","@id":"https:\/\/www.cotesducouchois.com\/newsletter\/la-depeche-septembre-2026\/#breadcrumb","itemListElement":[{"@type":"ListItem","position":1,"name":"Accueil","item":"https:\/\/www.cotesducouchois.com\/"},{"@type":"ListItem","position":2,"name":"La d\u00e9p\u00eache \u2013 Septembre 2026"}]},{"@type":"WebSite","@id":"https:\/\/www.cotesducouchois.com\/#website","url":"https:\/\/www.cotesducouchois.com\/","name":"C\u00f4tes du Couchois","description":"Union des producteurs et n\u00e9gociants de l&#039;AOC C\u00f4tes du Couchois","potentialAction":[{"@type":"SearchAction","target":{"@type":"EntryPoint","urlTemplate":"https:\/\/www.cotesducouchois.com\/?s={search_term_string}"},"query-input":{"@type":"PropertyValueSpecification","valueRequired":true,"valueName":"search_term_string"}}],"inLanguage":"en-GB"},{"@type":"Person","@id":"https:\/\/www.cotesducouchois.com\/#\/schema\/person\/afd65c9fa0c78ebc70be04e108e15de0","name":"Maestro","url":"https:\/\/www.cotesducouchois.com\/en\/author\/maestro\/"}]}},"_links":{"self":[{"href":"https:\/\/www.cotesducouchois.com\/en\/wp-json\/wp\/v2\/posts\/2540","targetHints":{"allow":["GET"]}}],"collection":[{"href":"https:\/\/www.cotesducouchois.com\/en\/wp-json\/wp\/v2\/posts"}],"about":[{"href":"https:\/\/www.cotesducouchois.com\/en\/wp-json\/wp\/v2\/types\/post"}],"author":[{"embeddable":true,"href":"https:\/\/www.cotesducouchois.com\/en\/wp-json\/wp\/v2\/users\/1"}],"replies":[{"embeddable":true,"href":"https:\/\/www.cotesducouchois.com\/en\/wp-json\/wp\/v2\/comments?post=2540"}],"version-history":[{"count":1,"href":"https:\/\/www.cotesducouchois.com\/en\/wp-json\/wp\/v2\/posts\/2540\/revisions"}],"predecessor-version":[{"id":2542,"href":"https:\/\/www.cotesducouchois.com\/en\/wp-json\/wp\/v2\/posts\/2540\/revisions\/2542"}],"wp:featuredmedia":[{"embeddable":true,"href":"https:\/\/www.cotesducouchois.com\/en\/wp-json\/wp\/v2\/media\/2541"}],"wp:attachment":[{"href":"https:\/\/www.cotesducouchois.com\/en\/wp-json\/wp\/v2\/media?parent=2540"}],"wp:term":[{"taxonomy":"category","embeddable":true,"href":"https:\/\/www.cotesducouchois.com\/en\/wp-json\/wp\/v2\/categories?post=2540"},{"taxonomy":"post_tag","embeddable":true,"href":"https:\/\/www.cotesducouchois.com\/en\/wp-json\/wp\/v2\/tags?post=2540"}],"curies":[{"name":"wp","href":"https:\/\/api.w.org\/{rel}","templated":true}]}}