{"id":2203,"date":"2022-06-02T17:10:42","date_gmt":"2022-06-02T15:10:42","guid":{"rendered":"https:\/\/www.cotesducouchois.com\/?p=2203"},"modified":"2022-07-04T09:48:46","modified_gmt":"2022-07-04T07:48:46","slug":"la-depeche-juin-2022","status":"publish","type":"post","link":"https:\/\/www.cotesducouchois.com\/en\/newsletter\/la-depeche-juin-2022\/","title":{"rendered":"La d\u00e9p\u00eache &#8211; Juin 2022"},"content":{"rendered":"","protected":false},"excerpt":{"rendered":"<p>Ne le voit-on pas courber l\u2019\u00e9chine, emmitoufl\u00e9 dans ses habits d\u2019hiver et taillant la vigne pendant que le froid pince et que le vent, dans sa fourberie, s\u2019immisce dans un col de veste d\u00e9j\u00e0 roidit par l\u2019humidit\u00e9. Ne le voit-on pas dans la boue ou sous les pluies glaciales de f\u00e9vrier s\u2019affairer avant que ne reprenne la v\u00e9g\u00e9tation, prier pour que le gel, la gr\u00eale ou les maladies ne ruinent pas sa r\u00e9colte ?<\/p>","protected":false},"author":1,"featured_media":2204,"comment_status":"closed","ping_status":"closed","sticky":false,"template":"","format":"standard","meta":{"_et_pb_use_builder":"on","_et_pb_old_content":"","_et_gb_content_width":"","footnotes":""},"categories":[38],"tags":[],"class_list":["post-2203","post","type-post","status-publish","format-standard","has-post-thumbnail","hentry","category-newsletter"],"yoast_head":"<!-- This site is optimized with the Yoast SEO plugin v27.4 - https:\/\/yoast.com\/product\/yoast-seo-wordpress\/ -->\n<title>La d\u00e9p\u00eache - Juin 2022 - C\u00f4tes du Couchois<\/title>\n<meta name=\"robots\" content=\"index, follow, max-snippet:-1, max-image-preview:large, max-video-preview:-1\" \/>\n<link rel=\"canonical\" href=\"https:\/\/www.cotesducouchois.com\/en\/newsletter\/la-depeche-juin-2022\/\" \/>\n<meta property=\"og:locale\" content=\"en_GB\" \/>\n<meta property=\"og:type\" content=\"article\" \/>\n<meta property=\"og:title\" content=\"La d\u00e9p\u00eache - Juin 2022 - C\u00f4tes du Couchois\" \/>\n<meta property=\"og:description\" content=\"Ne le voit-on pas courber l\u2019\u00e9chine, emmitoufl\u00e9 dans ses habits d\u2019hiver et taillant la vigne pendant que le froid pince et que le vent, dans sa fourberie, s\u2019immisce dans un col de veste d\u00e9j\u00e0 roidit par l\u2019humidit\u00e9. Ne le voit-on pas dans la boue ou sous les pluies glaciales de f\u00e9vrier s\u2019affairer avant que ne reprenne la v\u00e9g\u00e9tation, prier pour que le gel, la gr\u00eale ou les maladies ne ruinent pas sa r\u00e9colte ?\" \/>\n<meta property=\"og:url\" content=\"https:\/\/www.cotesducouchois.com\/en\/newsletter\/la-depeche-juin-2022\/\" \/>\n<meta property=\"og:site_name\" content=\"C\u00f4tes du Couchois\" \/>\n<meta property=\"article:published_time\" content=\"2022-06-02T15:10:42+00:00\" \/>\n<meta property=\"article:modified_time\" content=\"2022-07-04T07:48:46+00:00\" \/>\n<meta property=\"og:image\" content=\"https:\/\/www.cotesducouchois.com\/wp-content\/uploads\/2022\/06\/La-Depeche-Juin-2022.jpg\" \/>\n\t<meta property=\"og:image:width\" content=\"400\" \/>\n\t<meta property=\"og:image:height\" content=\"243\" \/>\n\t<meta property=\"og:image:type\" content=\"image\/jpeg\" \/>\n<meta name=\"author\" content=\"Maestro\" \/>\n<meta name=\"twitter:card\" content=\"summary_large_image\" \/>\n<meta name=\"twitter:label1\" content=\"Written by\" \/>\n\t<meta name=\"twitter:data1\" content=\"Maestro\" \/>\n<script type=\"application\/ld+json\" class=\"yoast-schema-graph\">{\"@context\":\"https:\\\/\\\/schema.org\",\"@graph\":[{\"@type\":\"Article\",\"@id\":\"https:\\\/\\\/www.cotesducouchois.com\\\/en\\\/newsletter\\\/la-depeche-juin-2022\\\/#article\",\"isPartOf\":{\"@id\":\"https:\\\/\\\/www.cotesducouchois.com\\\/en\\\/newsletter\\\/la-depeche-juin-2022\\\/\"},\"author\":{\"name\":\"Maestro\",\"@id\":\"https:\\\/\\\/www.cotesducouchois.com\\\/#\\\/schema\\\/person\\\/afd65c9fa0c78ebc70be04e108e15de0\"},\"headline\":\"La d\u00e9p\u00eache &#8211; Juin 2022\",\"datePublished\":\"2022-06-02T15:10:42+00:00\",\"dateModified\":\"2022-07-04T07:48:46+00:00\",\"mainEntityOfPage\":{\"@id\":\"https:\\\/\\\/www.cotesducouchois.com\\\/en\\\/newsletter\\\/la-depeche-juin-2022\\\/\"},\"wordCount\":6,\"image\":{\"@id\":\"https:\\\/\\\/www.cotesducouchois.com\\\/en\\\/newsletter\\\/la-depeche-juin-2022\\\/#primaryimage\"},\"thumbnailUrl\":\"https:\\\/\\\/www.cotesducouchois.com\\\/wp-content\\\/uploads\\\/2022\\\/06\\\/La-Depeche-Juin-2022.jpg\",\"articleSection\":[\"La d\u00e9p\u00eache de l'union\"],\"inLanguage\":\"en-GB\"},{\"@type\":\"WebPage\",\"@id\":\"https:\\\/\\\/www.cotesducouchois.com\\\/en\\\/newsletter\\\/la-depeche-juin-2022\\\/\",\"url\":\"https:\\\/\\\/www.cotesducouchois.com\\\/en\\\/newsletter\\\/la-depeche-juin-2022\\\/\",\"name\":\"La d\u00e9p\u00eache - Juin 2022 - C\u00f4tes du Couchois\",\"isPartOf\":{\"@id\":\"https:\\\/\\\/www.cotesducouchois.com\\\/#website\"},\"primaryImageOfPage\":{\"@id\":\"https:\\\/\\\/www.cotesducouchois.com\\\/en\\\/newsletter\\\/la-depeche-juin-2022\\\/#primaryimage\"},\"image\":{\"@id\":\"https:\\\/\\\/www.cotesducouchois.com\\\/en\\\/newsletter\\\/la-depeche-juin-2022\\\/#primaryimage\"},\"thumbnailUrl\":\"https:\\\/\\\/www.cotesducouchois.com\\\/wp-content\\\/uploads\\\/2022\\\/06\\\/La-Depeche-Juin-2022.jpg\",\"datePublished\":\"2022-06-02T15:10:42+00:00\",\"dateModified\":\"2022-07-04T07:48:46+00:00\",\"author\":{\"@id\":\"https:\\\/\\\/www.cotesducouchois.com\\\/#\\\/schema\\\/person\\\/afd65c9fa0c78ebc70be04e108e15de0\"},\"breadcrumb\":{\"@id\":\"https:\\\/\\\/www.cotesducouchois.com\\\/en\\\/newsletter\\\/la-depeche-juin-2022\\\/#breadcrumb\"},\"inLanguage\":\"en-GB\",\"potentialAction\":[{\"@type\":\"ReadAction\",\"target\":[\"https:\\\/\\\/www.cotesducouchois.com\\\/en\\\/newsletter\\\/la-depeche-juin-2022\\\/\"]}]},{\"@type\":\"ImageObject\",\"inLanguage\":\"en-GB\",\"@id\":\"https:\\\/\\\/www.cotesducouchois.com\\\/en\\\/newsletter\\\/la-depeche-juin-2022\\\/#primaryimage\",\"url\":\"https:\\\/\\\/www.cotesducouchois.com\\\/wp-content\\\/uploads\\\/2022\\\/06\\\/La-Depeche-Juin-2022.jpg\",\"contentUrl\":\"https:\\\/\\\/www.cotesducouchois.com\\\/wp-content\\\/uploads\\\/2022\\\/06\\\/La-Depeche-Juin-2022.jpg\",\"width\":400,\"height\":243},{\"@type\":\"BreadcrumbList\",\"@id\":\"https:\\\/\\\/www.cotesducouchois.com\\\/en\\\/newsletter\\\/la-depeche-juin-2022\\\/#breadcrumb\",\"itemListElement\":[{\"@type\":\"ListItem\",\"position\":1,\"name\":\"Accueil\",\"item\":\"https:\\\/\\\/www.cotesducouchois.com\\\/\"},{\"@type\":\"ListItem\",\"position\":2,\"name\":\"La d\u00e9p\u00eache &#8211; Juin 2022\"}]},{\"@type\":\"WebSite\",\"@id\":\"https:\\\/\\\/www.cotesducouchois.com\\\/#website\",\"url\":\"https:\\\/\\\/www.cotesducouchois.com\\\/\",\"name\":\"C\u00f4tes du Couchois\",\"description\":\"Union des producteurs et n\u00e9gociants de l&#039;AOC C\u00f4tes du Couchois\",\"potentialAction\":[{\"@type\":\"SearchAction\",\"target\":{\"@type\":\"EntryPoint\",\"urlTemplate\":\"https:\\\/\\\/www.cotesducouchois.com\\\/?s={search_term_string}\"},\"query-input\":{\"@type\":\"PropertyValueSpecification\",\"valueRequired\":true,\"valueName\":\"search_term_string\"}}],\"inLanguage\":\"en-GB\"},{\"@type\":\"Person\",\"@id\":\"https:\\\/\\\/www.cotesducouchois.com\\\/#\\\/schema\\\/person\\\/afd65c9fa0c78ebc70be04e108e15de0\",\"name\":\"Maestro\",\"url\":\"https:\\\/\\\/www.cotesducouchois.com\\\/en\\\/author\\\/maestro\\\/\"}]}<\/script>\n<!-- \/ Yoast SEO plugin. -->","yoast_head_json":{"title":"La d\u00e9p\u00eache - Juin 2022 - C\u00f4tes du Couchois","robots":{"index":"index","follow":"follow","max-snippet":"max-snippet:-1","max-image-preview":"max-image-preview:large","max-video-preview":"max-video-preview:-1"},"canonical":"https:\/\/www.cotesducouchois.com\/en\/newsletter\/la-depeche-juin-2022\/","og_locale":"en_GB","og_type":"article","og_title":"La d\u00e9p\u00eache - Juin 2022 - C\u00f4tes du Couchois","og_description":"Ne le voit-on pas courber l\u2019\u00e9chine, emmitoufl\u00e9 dans ses habits d\u2019hiver et taillant la vigne pendant que le froid pince et que le vent, dans sa fourberie, s\u2019immisce dans un col de veste d\u00e9j\u00e0 roidit par l\u2019humidit\u00e9. Ne le voit-on pas dans la boue ou sous les pluies glaciales de f\u00e9vrier s\u2019affairer avant que ne reprenne la v\u00e9g\u00e9tation, prier pour que le gel, la gr\u00eale ou les maladies ne ruinent pas sa r\u00e9colte ?","og_url":"https:\/\/www.cotesducouchois.com\/en\/newsletter\/la-depeche-juin-2022\/","og_site_name":"C\u00f4tes du Couchois","article_published_time":"2022-06-02T15:10:42+00:00","article_modified_time":"2022-07-04T07:48:46+00:00","og_image":[{"width":400,"height":243,"url":"https:\/\/www.cotesducouchois.com\/wp-content\/uploads\/2022\/06\/La-Depeche-Juin-2022.jpg","type":"image\/jpeg"}],"author":"Maestro","twitter_card":"summary_large_image","twitter_misc":{"Written by":"Maestro"},"schema":{"@context":"https:\/\/schema.org","@graph":[{"@type":"Article","@id":"https:\/\/www.cotesducouchois.com\/en\/newsletter\/la-depeche-juin-2022\/#article","isPartOf":{"@id":"https:\/\/www.cotesducouchois.com\/en\/newsletter\/la-depeche-juin-2022\/"},"author":{"name":"Maestro","@id":"https:\/\/www.cotesducouchois.com\/#\/schema\/person\/afd65c9fa0c78ebc70be04e108e15de0"},"headline":"La d\u00e9p\u00eache &#8211; Juin 2022","datePublished":"2022-06-02T15:10:42+00:00","dateModified":"2022-07-04T07:48:46+00:00","mainEntityOfPage":{"@id":"https:\/\/www.cotesducouchois.com\/en\/newsletter\/la-depeche-juin-2022\/"},"wordCount":6,"image":{"@id":"https:\/\/www.cotesducouchois.com\/en\/newsletter\/la-depeche-juin-2022\/#primaryimage"},"thumbnailUrl":"https:\/\/www.cotesducouchois.com\/wp-content\/uploads\/2022\/06\/La-Depeche-Juin-2022.jpg","articleSection":["La d\u00e9p\u00eache de l'union"],"inLanguage":"en-GB"},{"@type":"WebPage","@id":"https:\/\/www.cotesducouchois.com\/en\/newsletter\/la-depeche-juin-2022\/","url":"https:\/\/www.cotesducouchois.com\/en\/newsletter\/la-depeche-juin-2022\/","name":"La d\u00e9p\u00eache - Juin 2022 - C\u00f4tes du Couchois","isPartOf":{"@id":"https:\/\/www.cotesducouchois.com\/#website"},"primaryImageOfPage":{"@id":"https:\/\/www.cotesducouchois.com\/en\/newsletter\/la-depeche-juin-2022\/#primaryimage"},"image":{"@id":"https:\/\/www.cotesducouchois.com\/en\/newsletter\/la-depeche-juin-2022\/#primaryimage"},"thumbnailUrl":"https:\/\/www.cotesducouchois.com\/wp-content\/uploads\/2022\/06\/La-Depeche-Juin-2022.jpg","datePublished":"2022-06-02T15:10:42+00:00","dateModified":"2022-07-04T07:48:46+00:00","author":{"@id":"https:\/\/www.cotesducouchois.com\/#\/schema\/person\/afd65c9fa0c78ebc70be04e108e15de0"},"breadcrumb":{"@id":"https:\/\/www.cotesducouchois.com\/en\/newsletter\/la-depeche-juin-2022\/#breadcrumb"},"inLanguage":"en-GB","potentialAction":[{"@type":"ReadAction","target":["https:\/\/www.cotesducouchois.com\/en\/newsletter\/la-depeche-juin-2022\/"]}]},{"@type":"ImageObject","inLanguage":"en-GB","@id":"https:\/\/www.cotesducouchois.com\/en\/newsletter\/la-depeche-juin-2022\/#primaryimage","url":"https:\/\/www.cotesducouchois.com\/wp-content\/uploads\/2022\/06\/La-Depeche-Juin-2022.jpg","contentUrl":"https:\/\/www.cotesducouchois.com\/wp-content\/uploads\/2022\/06\/La-Depeche-Juin-2022.jpg","width":400,"height":243},{"@type":"BreadcrumbList","@id":"https:\/\/www.cotesducouchois.com\/en\/newsletter\/la-depeche-juin-2022\/#breadcrumb","itemListElement":[{"@type":"ListItem","position":1,"name":"Accueil","item":"https:\/\/www.cotesducouchois.com\/"},{"@type":"ListItem","position":2,"name":"La d\u00e9p\u00eache &#8211; Juin 2022"}]},{"@type":"WebSite","@id":"https:\/\/www.cotesducouchois.com\/#website","url":"https:\/\/www.cotesducouchois.com\/","name":"C\u00f4tes du Couchois","description":"Union des producteurs et n\u00e9gociants de l&#039;AOC C\u00f4tes du Couchois","potentialAction":[{"@type":"SearchAction","target":{"@type":"EntryPoint","urlTemplate":"https:\/\/www.cotesducouchois.com\/?s={search_term_string}"},"query-input":{"@type":"PropertyValueSpecification","valueRequired":true,"valueName":"search_term_string"}}],"inLanguage":"en-GB"},{"@type":"Person","@id":"https:\/\/www.cotesducouchois.com\/#\/schema\/person\/afd65c9fa0c78ebc70be04e108e15de0","name":"Maestro","url":"https:\/\/www.cotesducouchois.com\/en\/author\/maestro\/"}]}},"_links":{"self":[{"href":"https:\/\/www.cotesducouchois.com\/en\/wp-json\/wp\/v2\/posts\/2203","targetHints":{"allow":["GET"]}}],"collection":[{"href":"https:\/\/www.cotesducouchois.com\/en\/wp-json\/wp\/v2\/posts"}],"about":[{"href":"https:\/\/www.cotesducouchois.com\/en\/wp-json\/wp\/v2\/types\/post"}],"author":[{"embeddable":true,"href":"https:\/\/www.cotesducouchois.com\/en\/wp-json\/wp\/v2\/users\/1"}],"replies":[{"embeddable":true,"href":"https:\/\/www.cotesducouchois.com\/en\/wp-json\/wp\/v2\/comments?post=2203"}],"version-history":[{"count":1,"href":"https:\/\/www.cotesducouchois.com\/en\/wp-json\/wp\/v2\/posts\/2203\/revisions"}],"predecessor-version":[{"id":2205,"href":"https:\/\/www.cotesducouchois.com\/en\/wp-json\/wp\/v2\/posts\/2203\/revisions\/2205"}],"wp:featuredmedia":[{"embeddable":true,"href":"https:\/\/www.cotesducouchois.com\/en\/wp-json\/wp\/v2\/media\/2204"}],"wp:attachment":[{"href":"https:\/\/www.cotesducouchois.com\/en\/wp-json\/wp\/v2\/media?parent=2203"}],"wp:term":[{"taxonomy":"category","embeddable":true,"href":"https:\/\/www.cotesducouchois.com\/en\/wp-json\/wp\/v2\/categories?post=2203"},{"taxonomy":"post_tag","embeddable":true,"href":"https:\/\/www.cotesducouchois.com\/en\/wp-json\/wp\/v2\/tags?post=2203"}],"curies":[{"name":"wp","href":"https:\/\/api.w.org\/{rel}","templated":true}]}}