{"id":1992,"date":"2021-06-15T15:00:31","date_gmt":"2021-06-15T13:00:31","guid":{"rendered":"https:\/\/www.cotesducouchois.com\/?p=1992"},"modified":"2021-06-15T15:04:18","modified_gmt":"2021-06-15T13:04:18","slug":"jsl-13-06-21","status":"publish","type":"post","link":"https:\/\/www.cotesducouchois.com\/en\/presse\/jsl-13-06-21\/","title":{"rendered":"Une randonn\u00e9e champ\u00eatre suivie d&rsquo;une d\u00e9gustation de trois vins"},"content":{"rendered":"","protected":false},"excerpt":{"rendered":"<p>Dans le cadre du mois des climats de l&rsquo;Unesco qui s&rsquo;\u00e9tale de Dijon jusqu&rsquo;au sud de Beaune, durant la p\u00e9riode estivale, du 4 juin au 25 juillet, le Clos Marguerite du Ch\u00e2teau de Couches propose aux visiteurs de leur faire d\u00e9couvrir les Coteaux du Couchois.<\/p>","protected":false},"author":4,"featured_media":1991,"comment_status":"closed","ping_status":"closed","sticky":false,"template":"","format":"standard","meta":{"_et_pb_use_builder":"on","_et_pb_old_content":"","_et_gb_content_width":"","footnotes":""},"categories":[44],"tags":[],"class_list":["post-1992","post","type-post","status-publish","format-standard","has-post-thumbnail","hentry","category-presse"],"yoast_head":"<!-- This site is optimized with the Yoast SEO plugin v27.5 - https:\/\/yoast.com\/product\/yoast-seo-wordpress\/ -->\n<title>Une randonn\u00e9e champ\u00eatre suivie d&#039;une d\u00e9gustation de trois vins - C\u00f4tes du Couchois<\/title>\n<meta name=\"description\" content=\"Dans le cadre du mois des climats de l&#039;Unesco, du 4 juin au 25 juillet, le Clos Marguerite du Ch\u00e2teau de Couches propose aux visiteurs de leur faire d\u00e9couvrir les Coteaux du Couchois.\" \/>\n<meta name=\"robots\" content=\"index, follow, max-snippet:-1, max-image-preview:large, max-video-preview:-1\" \/>\n<link rel=\"canonical\" href=\"https:\/\/www.cotesducouchois.com\/en\/presse\/jsl-13-06-21\/\" \/>\n<meta property=\"og:locale\" content=\"en_GB\" \/>\n<meta property=\"og:type\" content=\"article\" \/>\n<meta property=\"og:title\" content=\"Une randonn\u00e9e champ\u00eatre suivie d&#039;une d\u00e9gustation de trois vins - C\u00f4tes du Couchois\" \/>\n<meta property=\"og:description\" content=\"Dans le cadre du mois des climats de l&#039;Unesco, du 4 juin au 25 juillet, le Clos Marguerite du Ch\u00e2teau de Couches propose aux visiteurs de leur faire d\u00e9couvrir les Coteaux du Couchois.\" \/>\n<meta property=\"og:url\" content=\"https:\/\/www.cotesducouchois.com\/en\/presse\/jsl-13-06-21\/\" \/>\n<meta property=\"og:site_name\" content=\"C\u00f4tes du Couchois\" \/>\n<meta property=\"article:published_time\" content=\"2021-06-15T13:00:31+00:00\" \/>\n<meta property=\"article:modified_time\" content=\"2021-06-15T13:04:18+00:00\" \/>\n<meta property=\"og:image\" content=\"https:\/\/www.cotesducouchois.com\/wp-content\/uploads\/2021\/06\/13-06-21.png\" \/>\n\t<meta property=\"og:image:width\" content=\"666\" \/>\n\t<meta property=\"og:image:height\" content=\"493\" \/>\n\t<meta property=\"og:image:type\" content=\"image\/png\" \/>\n<meta name=\"author\" content=\"Aurelie Bert\" \/>\n<meta name=\"twitter:card\" content=\"summary_large_image\" \/>\n<meta name=\"twitter:label1\" content=\"Written by\" \/>\n\t<meta name=\"twitter:data1\" content=\"Aurelie Bert\" \/>\n<script type=\"application\/ld+json\" class=\"yoast-schema-graph\">{\"@context\":\"https:\\\/\\\/schema.org\",\"@graph\":[{\"@type\":\"Article\",\"@id\":\"https:\\\/\\\/www.cotesducouchois.com\\\/en\\\/presse\\\/jsl-13-06-21\\\/#article\",\"isPartOf\":{\"@id\":\"https:\\\/\\\/www.cotesducouchois.com\\\/en\\\/presse\\\/jsl-13-06-21\\\/\"},\"author\":{\"name\":\"Aurelie Bert\",\"@id\":\"https:\\\/\\\/www.cotesducouchois.com\\\/#\\\/schema\\\/person\\\/5485c8894048cc63cdeaa5142ba71adf\"},\"headline\":\"Une randonn\u00e9e champ\u00eatre suivie d&rsquo;une d\u00e9gustation de trois vins\",\"datePublished\":\"2021-06-15T13:00:31+00:00\",\"dateModified\":\"2021-06-15T13:04:18+00:00\",\"mainEntityOfPage\":{\"@id\":\"https:\\\/\\\/www.cotesducouchois.com\\\/en\\\/presse\\\/jsl-13-06-21\\\/\"},\"wordCount\":12,\"image\":{\"@id\":\"https:\\\/\\\/www.cotesducouchois.com\\\/en\\\/presse\\\/jsl-13-06-21\\\/#primaryimage\"},\"thumbnailUrl\":\"https:\\\/\\\/www.cotesducouchois.com\\\/wp-content\\\/uploads\\\/2021\\\/06\\\/13-06-21.png\",\"articleSection\":[\"La Presse\"],\"inLanguage\":\"en-GB\"},{\"@type\":\"WebPage\",\"@id\":\"https:\\\/\\\/www.cotesducouchois.com\\\/en\\\/presse\\\/jsl-13-06-21\\\/\",\"url\":\"https:\\\/\\\/www.cotesducouchois.com\\\/en\\\/presse\\\/jsl-13-06-21\\\/\",\"name\":\"Une randonn\u00e9e champ\u00eatre suivie d'une d\u00e9gustation de trois vins - C\u00f4tes du Couchois\",\"isPartOf\":{\"@id\":\"https:\\\/\\\/www.cotesducouchois.com\\\/#website\"},\"primaryImageOfPage\":{\"@id\":\"https:\\\/\\\/www.cotesducouchois.com\\\/en\\\/presse\\\/jsl-13-06-21\\\/#primaryimage\"},\"image\":{\"@id\":\"https:\\\/\\\/www.cotesducouchois.com\\\/en\\\/presse\\\/jsl-13-06-21\\\/#primaryimage\"},\"thumbnailUrl\":\"https:\\\/\\\/www.cotesducouchois.com\\\/wp-content\\\/uploads\\\/2021\\\/06\\\/13-06-21.png\",\"datePublished\":\"2021-06-15T13:00:31+00:00\",\"dateModified\":\"2021-06-15T13:04:18+00:00\",\"author\":{\"@id\":\"https:\\\/\\\/www.cotesducouchois.com\\\/#\\\/schema\\\/person\\\/5485c8894048cc63cdeaa5142ba71adf\"},\"description\":\"Dans le cadre du mois des climats de l'Unesco, du 4 juin au 25 juillet, le Clos Marguerite du Ch\u00e2teau de Couches propose aux visiteurs de leur faire d\u00e9couvrir les Coteaux du Couchois.\",\"breadcrumb\":{\"@id\":\"https:\\\/\\\/www.cotesducouchois.com\\\/en\\\/presse\\\/jsl-13-06-21\\\/#breadcrumb\"},\"inLanguage\":\"en-GB\",\"potentialAction\":[{\"@type\":\"ReadAction\",\"target\":[\"https:\\\/\\\/www.cotesducouchois.com\\\/en\\\/presse\\\/jsl-13-06-21\\\/\"]}]},{\"@type\":\"ImageObject\",\"inLanguage\":\"en-GB\",\"@id\":\"https:\\\/\\\/www.cotesducouchois.com\\\/en\\\/presse\\\/jsl-13-06-21\\\/#primaryimage\",\"url\":\"https:\\\/\\\/www.cotesducouchois.com\\\/wp-content\\\/uploads\\\/2021\\\/06\\\/13-06-21.png\",\"contentUrl\":\"https:\\\/\\\/www.cotesducouchois.com\\\/wp-content\\\/uploads\\\/2021\\\/06\\\/13-06-21.png\",\"width\":666,\"height\":493},{\"@type\":\"BreadcrumbList\",\"@id\":\"https:\\\/\\\/www.cotesducouchois.com\\\/en\\\/presse\\\/jsl-13-06-21\\\/#breadcrumb\",\"itemListElement\":[{\"@type\":\"ListItem\",\"position\":1,\"name\":\"Accueil\",\"item\":\"https:\\\/\\\/www.cotesducouchois.com\\\/\"},{\"@type\":\"ListItem\",\"position\":2,\"name\":\"Une randonn\u00e9e champ\u00eatre suivie d&rsquo;une d\u00e9gustation de trois vins\"}]},{\"@type\":\"WebSite\",\"@id\":\"https:\\\/\\\/www.cotesducouchois.com\\\/#website\",\"url\":\"https:\\\/\\\/www.cotesducouchois.com\\\/\",\"name\":\"C\u00f4tes du Couchois\",\"description\":\"Union des producteurs et n\u00e9gociants de l&#039;AOC C\u00f4tes du Couchois\",\"potentialAction\":[{\"@type\":\"SearchAction\",\"target\":{\"@type\":\"EntryPoint\",\"urlTemplate\":\"https:\\\/\\\/www.cotesducouchois.com\\\/?s={search_term_string}\"},\"query-input\":{\"@type\":\"PropertyValueSpecification\",\"valueRequired\":true,\"valueName\":\"search_term_string\"}}],\"inLanguage\":\"en-GB\"},{\"@type\":\"Person\",\"@id\":\"https:\\\/\\\/www.cotesducouchois.com\\\/#\\\/schema\\\/person\\\/5485c8894048cc63cdeaa5142ba71adf\",\"name\":\"Aurelie Bert\",\"url\":\"https:\\\/\\\/www.cotesducouchois.com\\\/en\\\/author\\\/abert\\\/\"}]}<\/script>\n<!-- \/ Yoast SEO plugin. -->","yoast_head_json":{"title":"Une randonn\u00e9e champ\u00eatre suivie d'une d\u00e9gustation de trois vins - C\u00f4tes du Couchois","description":"Dans le cadre du mois des climats de l'Unesco, du 4 juin au 25 juillet, le Clos Marguerite du Ch\u00e2teau de Couches propose aux visiteurs de leur faire d\u00e9couvrir les Coteaux du Couchois.","robots":{"index":"index","follow":"follow","max-snippet":"max-snippet:-1","max-image-preview":"max-image-preview:large","max-video-preview":"max-video-preview:-1"},"canonical":"https:\/\/www.cotesducouchois.com\/en\/presse\/jsl-13-06-21\/","og_locale":"en_GB","og_type":"article","og_title":"Une randonn\u00e9e champ\u00eatre suivie d'une d\u00e9gustation de trois vins - C\u00f4tes du Couchois","og_description":"Dans le cadre du mois des climats de l'Unesco, du 4 juin au 25 juillet, le Clos Marguerite du Ch\u00e2teau de Couches propose aux visiteurs de leur faire d\u00e9couvrir les Coteaux du Couchois.","og_url":"https:\/\/www.cotesducouchois.com\/en\/presse\/jsl-13-06-21\/","og_site_name":"C\u00f4tes du Couchois","article_published_time":"2021-06-15T13:00:31+00:00","article_modified_time":"2021-06-15T13:04:18+00:00","og_image":[{"width":666,"height":493,"url":"https:\/\/www.cotesducouchois.com\/wp-content\/uploads\/2021\/06\/13-06-21.png","type":"image\/png"}],"author":"Aurelie Bert","twitter_card":"summary_large_image","twitter_misc":{"Written by":"Aurelie Bert"},"schema":{"@context":"https:\/\/schema.org","@graph":[{"@type":"Article","@id":"https:\/\/www.cotesducouchois.com\/en\/presse\/jsl-13-06-21\/#article","isPartOf":{"@id":"https:\/\/www.cotesducouchois.com\/en\/presse\/jsl-13-06-21\/"},"author":{"name":"Aurelie Bert","@id":"https:\/\/www.cotesducouchois.com\/#\/schema\/person\/5485c8894048cc63cdeaa5142ba71adf"},"headline":"Une randonn\u00e9e champ\u00eatre suivie d&rsquo;une d\u00e9gustation de trois vins","datePublished":"2021-06-15T13:00:31+00:00","dateModified":"2021-06-15T13:04:18+00:00","mainEntityOfPage":{"@id":"https:\/\/www.cotesducouchois.com\/en\/presse\/jsl-13-06-21\/"},"wordCount":12,"image":{"@id":"https:\/\/www.cotesducouchois.com\/en\/presse\/jsl-13-06-21\/#primaryimage"},"thumbnailUrl":"https:\/\/www.cotesducouchois.com\/wp-content\/uploads\/2021\/06\/13-06-21.png","articleSection":["La Presse"],"inLanguage":"en-GB"},{"@type":"WebPage","@id":"https:\/\/www.cotesducouchois.com\/en\/presse\/jsl-13-06-21\/","url":"https:\/\/www.cotesducouchois.com\/en\/presse\/jsl-13-06-21\/","name":"Une randonn\u00e9e champ\u00eatre suivie d'une d\u00e9gustation de trois vins - C\u00f4tes du Couchois","isPartOf":{"@id":"https:\/\/www.cotesducouchois.com\/#website"},"primaryImageOfPage":{"@id":"https:\/\/www.cotesducouchois.com\/en\/presse\/jsl-13-06-21\/#primaryimage"},"image":{"@id":"https:\/\/www.cotesducouchois.com\/en\/presse\/jsl-13-06-21\/#primaryimage"},"thumbnailUrl":"https:\/\/www.cotesducouchois.com\/wp-content\/uploads\/2021\/06\/13-06-21.png","datePublished":"2021-06-15T13:00:31+00:00","dateModified":"2021-06-15T13:04:18+00:00","author":{"@id":"https:\/\/www.cotesducouchois.com\/#\/schema\/person\/5485c8894048cc63cdeaa5142ba71adf"},"description":"Dans le cadre du mois des climats de l'Unesco, du 4 juin au 25 juillet, le Clos Marguerite du Ch\u00e2teau de Couches propose aux visiteurs de leur faire d\u00e9couvrir les Coteaux du Couchois.","breadcrumb":{"@id":"https:\/\/www.cotesducouchois.com\/en\/presse\/jsl-13-06-21\/#breadcrumb"},"inLanguage":"en-GB","potentialAction":[{"@type":"ReadAction","target":["https:\/\/www.cotesducouchois.com\/en\/presse\/jsl-13-06-21\/"]}]},{"@type":"ImageObject","inLanguage":"en-GB","@id":"https:\/\/www.cotesducouchois.com\/en\/presse\/jsl-13-06-21\/#primaryimage","url":"https:\/\/www.cotesducouchois.com\/wp-content\/uploads\/2021\/06\/13-06-21.png","contentUrl":"https:\/\/www.cotesducouchois.com\/wp-content\/uploads\/2021\/06\/13-06-21.png","width":666,"height":493},{"@type":"BreadcrumbList","@id":"https:\/\/www.cotesducouchois.com\/en\/presse\/jsl-13-06-21\/#breadcrumb","itemListElement":[{"@type":"ListItem","position":1,"name":"Accueil","item":"https:\/\/www.cotesducouchois.com\/"},{"@type":"ListItem","position":2,"name":"Une randonn\u00e9e champ\u00eatre suivie d&rsquo;une d\u00e9gustation de trois vins"}]},{"@type":"WebSite","@id":"https:\/\/www.cotesducouchois.com\/#website","url":"https:\/\/www.cotesducouchois.com\/","name":"C\u00f4tes du Couchois","description":"Union des producteurs et n\u00e9gociants de l&#039;AOC C\u00f4tes du Couchois","potentialAction":[{"@type":"SearchAction","target":{"@type":"EntryPoint","urlTemplate":"https:\/\/www.cotesducouchois.com\/?s={search_term_string}"},"query-input":{"@type":"PropertyValueSpecification","valueRequired":true,"valueName":"search_term_string"}}],"inLanguage":"en-GB"},{"@type":"Person","@id":"https:\/\/www.cotesducouchois.com\/#\/schema\/person\/5485c8894048cc63cdeaa5142ba71adf","name":"Aurelie Bert","url":"https:\/\/www.cotesducouchois.com\/en\/author\/abert\/"}]}},"_links":{"self":[{"href":"https:\/\/www.cotesducouchois.com\/en\/wp-json\/wp\/v2\/posts\/1992","targetHints":{"allow":["GET"]}}],"collection":[{"href":"https:\/\/www.cotesducouchois.com\/en\/wp-json\/wp\/v2\/posts"}],"about":[{"href":"https:\/\/www.cotesducouchois.com\/en\/wp-json\/wp\/v2\/types\/post"}],"author":[{"embeddable":true,"href":"https:\/\/www.cotesducouchois.com\/en\/wp-json\/wp\/v2\/users\/4"}],"replies":[{"embeddable":true,"href":"https:\/\/www.cotesducouchois.com\/en\/wp-json\/wp\/v2\/comments?post=1992"}],"version-history":[{"count":2,"href":"https:\/\/www.cotesducouchois.com\/en\/wp-json\/wp\/v2\/posts\/1992\/revisions"}],"predecessor-version":[{"id":2137,"href":"https:\/\/www.cotesducouchois.com\/en\/wp-json\/wp\/v2\/posts\/1992\/revisions\/2137"}],"wp:featuredmedia":[{"embeddable":true,"href":"https:\/\/www.cotesducouchois.com\/en\/wp-json\/wp\/v2\/media\/1991"}],"wp:attachment":[{"href":"https:\/\/www.cotesducouchois.com\/en\/wp-json\/wp\/v2\/media?parent=1992"}],"wp:term":[{"taxonomy":"category","embeddable":true,"href":"https:\/\/www.cotesducouchois.com\/en\/wp-json\/wp\/v2\/categories?post=1992"},{"taxonomy":"post_tag","embeddable":true,"href":"https:\/\/www.cotesducouchois.com\/en\/wp-json\/wp\/v2\/tags?post=1992"}],"curies":[{"name":"wp","href":"https:\/\/api.w.org\/{rel}","templated":true}]}}