{"id":1891,"date":"2020-11-25T09:20:00","date_gmt":"2020-11-25T08:20:00","guid":{"rendered":"https:\/\/dev.cotesducouchois.com\/?p=1891"},"modified":"2020-11-25T09:20:00","modified_gmt":"2020-11-25T08:20:00","slug":"vta2020automne","status":"publish","type":"post","link":"https:\/\/www.cotesducouchois.com\/en\/presse\/vta2020automne\/","title":{"rendered":"Vins &#038; Terroirs Authentiques"},"content":{"rendered":"","protected":false},"excerpt":{"rendered":"<p>A l&rsquo;ouest de Chagny, de l&rsquo;autre c\u00f4t\u00e9 du canal du Centre, se trouve le vignoble du Couchois. Au sud des Hautes C\u00f4tes de Beaune, ce terroir viticole est nich\u00e9 entre 200 et 300 m\u00e8tres d\u2019altitude. L\u00e0,\tsix\tcommunes viticoles\tproduisent des vins de caract\u00e8re, dont la qualit\u00e9 est reconnue depuis l\u2019an 2000 par l\u2019AOC Bourgogne C\u00f4tes du Couchois et largement confirm\u00e9e dans\tnotre dossier de d\u00e9gustation!&#8230;<\/p>","protected":false},"author":4,"featured_media":1890,"comment_status":"closed","ping_status":"closed","sticky":false,"template":"","format":"standard","meta":{"_et_pb_use_builder":"on","_et_pb_old_content":"","_et_gb_content_width":"","footnotes":""},"categories":[44],"tags":[],"class_list":["post-1891","post","type-post","status-publish","format-standard","has-post-thumbnail","hentry","category-presse"],"yoast_head":"<!-- This site is optimized with the Yoast SEO plugin v27.5 - https:\/\/yoast.com\/product\/yoast-seo-wordpress\/ -->\n<title>Vins &amp; Terroirs Authentiques - C\u00f4tes du Couchois<\/title>\n<meta name=\"description\" content=\"A l&#039;ouest de Chagny, de l&#039;autre c\u00f4t\u00e9 du canal du Centre, se trouve le vignoble du Couchois. Au sud des Hautes C\u00f4tes de Beaune, ce terroir viticole est nich\u00e9 entre 200 et 300 m\u00e8tres d\u2019altitude. L\u00e0, six communes viticoles produisent des vins de caract\u00e8re, dont la qualit\u00e9 est reconnue depuis l\u2019an 2000 par l\u2019AOC Bourgogne C\u00f4tes du Couchois et largement confirm\u00e9e dans notre dossier de d\u00e9gustation!...\" \/>\n<meta name=\"robots\" content=\"index, follow, max-snippet:-1, max-image-preview:large, max-video-preview:-1\" \/>\n<link rel=\"canonical\" href=\"https:\/\/www.cotesducouchois.com\/en\/presse\/vta2020automne\/\" \/>\n<meta property=\"og:locale\" content=\"en_GB\" \/>\n<meta property=\"og:type\" content=\"article\" \/>\n<meta property=\"og:title\" content=\"Vins &amp; Terroirs Authentiques - C\u00f4tes du Couchois\" \/>\n<meta property=\"og:description\" content=\"A l&#039;ouest de Chagny, de l&#039;autre c\u00f4t\u00e9 du canal du Centre, se trouve le vignoble du Couchois. Au sud des Hautes C\u00f4tes de Beaune, ce terroir viticole est nich\u00e9 entre 200 et 300 m\u00e8tres d\u2019altitude. L\u00e0, six communes viticoles produisent des vins de caract\u00e8re, dont la qualit\u00e9 est reconnue depuis l\u2019an 2000 par l\u2019AOC Bourgogne C\u00f4tes du Couchois et largement confirm\u00e9e dans notre dossier de d\u00e9gustation!...\" \/>\n<meta property=\"og:url\" content=\"https:\/\/www.cotesducouchois.com\/en\/presse\/vta2020automne\/\" \/>\n<meta property=\"og:site_name\" content=\"C\u00f4tes du Couchois\" \/>\n<meta property=\"article:published_time\" content=\"2020-11-25T08:20:00+00:00\" \/>\n<meta property=\"og:image\" content=\"https:\/\/www.cotesducouchois.com\/wp-content\/uploads\/2021\/02\/VTA.png\" \/>\n\t<meta property=\"og:image:width\" content=\"547\" \/>\n\t<meta property=\"og:image:height\" content=\"391\" \/>\n\t<meta property=\"og:image:type\" content=\"image\/png\" \/>\n<meta name=\"author\" content=\"Aurelie Bert\" \/>\n<meta name=\"twitter:card\" content=\"summary_large_image\" \/>\n<meta name=\"twitter:label1\" content=\"Written by\" \/>\n\t<meta name=\"twitter:data1\" content=\"Aurelie Bert\" \/>\n<script type=\"application\/ld+json\" class=\"yoast-schema-graph\">{\"@context\":\"https:\\\/\\\/schema.org\",\"@graph\":[{\"@type\":\"Article\",\"@id\":\"https:\\\/\\\/www.cotesducouchois.com\\\/en\\\/presse\\\/vta2020automne\\\/#article\",\"isPartOf\":{\"@id\":\"https:\\\/\\\/www.cotesducouchois.com\\\/en\\\/presse\\\/vta2020automne\\\/\"},\"author\":{\"name\":\"Aurelie Bert\",\"@id\":\"https:\\\/\\\/www.cotesducouchois.com\\\/#\\\/schema\\\/person\\\/5485c8894048cc63cdeaa5142ba71adf\"},\"headline\":\"Vins &#038; Terroirs Authentiques\",\"datePublished\":\"2020-11-25T08:20:00+00:00\",\"mainEntityOfPage\":{\"@id\":\"https:\\\/\\\/www.cotesducouchois.com\\\/en\\\/presse\\\/vta2020automne\\\/\"},\"wordCount\":3,\"image\":{\"@id\":\"https:\\\/\\\/www.cotesducouchois.com\\\/en\\\/presse\\\/vta2020automne\\\/#primaryimage\"},\"thumbnailUrl\":\"https:\\\/\\\/www.cotesducouchois.com\\\/wp-content\\\/uploads\\\/2021\\\/02\\\/VTA.png\",\"articleSection\":[\"La Presse\"],\"inLanguage\":\"en-GB\"},{\"@type\":\"WebPage\",\"@id\":\"https:\\\/\\\/www.cotesducouchois.com\\\/en\\\/presse\\\/vta2020automne\\\/\",\"url\":\"https:\\\/\\\/www.cotesducouchois.com\\\/en\\\/presse\\\/vta2020automne\\\/\",\"name\":\"Vins & Terroirs Authentiques - C\u00f4tes du Couchois\",\"isPartOf\":{\"@id\":\"https:\\\/\\\/www.cotesducouchois.com\\\/#website\"},\"primaryImageOfPage\":{\"@id\":\"https:\\\/\\\/www.cotesducouchois.com\\\/en\\\/presse\\\/vta2020automne\\\/#primaryimage\"},\"image\":{\"@id\":\"https:\\\/\\\/www.cotesducouchois.com\\\/en\\\/presse\\\/vta2020automne\\\/#primaryimage\"},\"thumbnailUrl\":\"https:\\\/\\\/www.cotesducouchois.com\\\/wp-content\\\/uploads\\\/2021\\\/02\\\/VTA.png\",\"datePublished\":\"2020-11-25T08:20:00+00:00\",\"author\":{\"@id\":\"https:\\\/\\\/www.cotesducouchois.com\\\/#\\\/schema\\\/person\\\/5485c8894048cc63cdeaa5142ba71adf\"},\"description\":\"A l'ouest de Chagny, de l'autre c\u00f4t\u00e9 du canal du Centre, se trouve le vignoble du Couchois. Au sud des Hautes C\u00f4tes de Beaune, ce terroir viticole est nich\u00e9 entre 200 et 300 m\u00e8tres d\u2019altitude. L\u00e0, six communes viticoles produisent des vins de caract\u00e8re, dont la qualit\u00e9 est reconnue depuis l\u2019an 2000 par l\u2019AOC Bourgogne C\u00f4tes du Couchois et largement confirm\u00e9e dans notre dossier de d\u00e9gustation!...\",\"breadcrumb\":{\"@id\":\"https:\\\/\\\/www.cotesducouchois.com\\\/en\\\/presse\\\/vta2020automne\\\/#breadcrumb\"},\"inLanguage\":\"en-GB\",\"potentialAction\":[{\"@type\":\"ReadAction\",\"target\":[\"https:\\\/\\\/www.cotesducouchois.com\\\/en\\\/presse\\\/vta2020automne\\\/\"]}]},{\"@type\":\"ImageObject\",\"inLanguage\":\"en-GB\",\"@id\":\"https:\\\/\\\/www.cotesducouchois.com\\\/en\\\/presse\\\/vta2020automne\\\/#primaryimage\",\"url\":\"https:\\\/\\\/www.cotesducouchois.com\\\/wp-content\\\/uploads\\\/2021\\\/02\\\/VTA.png\",\"contentUrl\":\"https:\\\/\\\/www.cotesducouchois.com\\\/wp-content\\\/uploads\\\/2021\\\/02\\\/VTA.png\",\"width\":547,\"height\":391},{\"@type\":\"BreadcrumbList\",\"@id\":\"https:\\\/\\\/www.cotesducouchois.com\\\/en\\\/presse\\\/vta2020automne\\\/#breadcrumb\",\"itemListElement\":[{\"@type\":\"ListItem\",\"position\":1,\"name\":\"Accueil\",\"item\":\"https:\\\/\\\/www.cotesducouchois.com\\\/\"},{\"@type\":\"ListItem\",\"position\":2,\"name\":\"Vins &#038; Terroirs Authentiques\"}]},{\"@type\":\"WebSite\",\"@id\":\"https:\\\/\\\/www.cotesducouchois.com\\\/#website\",\"url\":\"https:\\\/\\\/www.cotesducouchois.com\\\/\",\"name\":\"C\u00f4tes du Couchois\",\"description\":\"Union des producteurs et n\u00e9gociants de l&#039;AOC C\u00f4tes du Couchois\",\"potentialAction\":[{\"@type\":\"SearchAction\",\"target\":{\"@type\":\"EntryPoint\",\"urlTemplate\":\"https:\\\/\\\/www.cotesducouchois.com\\\/?s={search_term_string}\"},\"query-input\":{\"@type\":\"PropertyValueSpecification\",\"valueRequired\":true,\"valueName\":\"search_term_string\"}}],\"inLanguage\":\"en-GB\"},{\"@type\":\"Person\",\"@id\":\"https:\\\/\\\/www.cotesducouchois.com\\\/#\\\/schema\\\/person\\\/5485c8894048cc63cdeaa5142ba71adf\",\"name\":\"Aurelie Bert\",\"url\":\"https:\\\/\\\/www.cotesducouchois.com\\\/en\\\/author\\\/abert\\\/\"}]}<\/script>\n<!-- \/ Yoast SEO plugin. -->","yoast_head_json":{"title":"Vins & Terroirs Authentiques - C\u00f4tes du Couchois","description":"A l'ouest de Chagny, de l'autre c\u00f4t\u00e9 du canal du Centre, se trouve le vignoble du Couchois. Au sud des Hautes C\u00f4tes de Beaune, ce terroir viticole est nich\u00e9 entre 200 et 300 m\u00e8tres d\u2019altitude. L\u00e0, six communes viticoles produisent des vins de caract\u00e8re, dont la qualit\u00e9 est reconnue depuis l\u2019an 2000 par l\u2019AOC Bourgogne C\u00f4tes du Couchois et largement confirm\u00e9e dans notre dossier de d\u00e9gustation!...","robots":{"index":"index","follow":"follow","max-snippet":"max-snippet:-1","max-image-preview":"max-image-preview:large","max-video-preview":"max-video-preview:-1"},"canonical":"https:\/\/www.cotesducouchois.com\/en\/presse\/vta2020automne\/","og_locale":"en_GB","og_type":"article","og_title":"Vins & Terroirs Authentiques - C\u00f4tes du Couchois","og_description":"A l'ouest de Chagny, de l'autre c\u00f4t\u00e9 du canal du Centre, se trouve le vignoble du Couchois. Au sud des Hautes C\u00f4tes de Beaune, ce terroir viticole est nich\u00e9 entre 200 et 300 m\u00e8tres d\u2019altitude. L\u00e0, six communes viticoles produisent des vins de caract\u00e8re, dont la qualit\u00e9 est reconnue depuis l\u2019an 2000 par l\u2019AOC Bourgogne C\u00f4tes du Couchois et largement confirm\u00e9e dans notre dossier de d\u00e9gustation!...","og_url":"https:\/\/www.cotesducouchois.com\/en\/presse\/vta2020automne\/","og_site_name":"C\u00f4tes du Couchois","article_published_time":"2020-11-25T08:20:00+00:00","og_image":[{"width":547,"height":391,"url":"https:\/\/www.cotesducouchois.com\/wp-content\/uploads\/2021\/02\/VTA.png","type":"image\/png"}],"author":"Aurelie Bert","twitter_card":"summary_large_image","twitter_misc":{"Written by":"Aurelie Bert"},"schema":{"@context":"https:\/\/schema.org","@graph":[{"@type":"Article","@id":"https:\/\/www.cotesducouchois.com\/en\/presse\/vta2020automne\/#article","isPartOf":{"@id":"https:\/\/www.cotesducouchois.com\/en\/presse\/vta2020automne\/"},"author":{"name":"Aurelie Bert","@id":"https:\/\/www.cotesducouchois.com\/#\/schema\/person\/5485c8894048cc63cdeaa5142ba71adf"},"headline":"Vins &#038; Terroirs Authentiques","datePublished":"2020-11-25T08:20:00+00:00","mainEntityOfPage":{"@id":"https:\/\/www.cotesducouchois.com\/en\/presse\/vta2020automne\/"},"wordCount":3,"image":{"@id":"https:\/\/www.cotesducouchois.com\/en\/presse\/vta2020automne\/#primaryimage"},"thumbnailUrl":"https:\/\/www.cotesducouchois.com\/wp-content\/uploads\/2021\/02\/VTA.png","articleSection":["La Presse"],"inLanguage":"en-GB"},{"@type":"WebPage","@id":"https:\/\/www.cotesducouchois.com\/en\/presse\/vta2020automne\/","url":"https:\/\/www.cotesducouchois.com\/en\/presse\/vta2020automne\/","name":"Vins & Terroirs Authentiques - C\u00f4tes du Couchois","isPartOf":{"@id":"https:\/\/www.cotesducouchois.com\/#website"},"primaryImageOfPage":{"@id":"https:\/\/www.cotesducouchois.com\/en\/presse\/vta2020automne\/#primaryimage"},"image":{"@id":"https:\/\/www.cotesducouchois.com\/en\/presse\/vta2020automne\/#primaryimage"},"thumbnailUrl":"https:\/\/www.cotesducouchois.com\/wp-content\/uploads\/2021\/02\/VTA.png","datePublished":"2020-11-25T08:20:00+00:00","author":{"@id":"https:\/\/www.cotesducouchois.com\/#\/schema\/person\/5485c8894048cc63cdeaa5142ba71adf"},"description":"A l'ouest de Chagny, de l'autre c\u00f4t\u00e9 du canal du Centre, se trouve le vignoble du Couchois. Au sud des Hautes C\u00f4tes de Beaune, ce terroir viticole est nich\u00e9 entre 200 et 300 m\u00e8tres d\u2019altitude. L\u00e0, six communes viticoles produisent des vins de caract\u00e8re, dont la qualit\u00e9 est reconnue depuis l\u2019an 2000 par l\u2019AOC Bourgogne C\u00f4tes du Couchois et largement confirm\u00e9e dans notre dossier de d\u00e9gustation!...","breadcrumb":{"@id":"https:\/\/www.cotesducouchois.com\/en\/presse\/vta2020automne\/#breadcrumb"},"inLanguage":"en-GB","potentialAction":[{"@type":"ReadAction","target":["https:\/\/www.cotesducouchois.com\/en\/presse\/vta2020automne\/"]}]},{"@type":"ImageObject","inLanguage":"en-GB","@id":"https:\/\/www.cotesducouchois.com\/en\/presse\/vta2020automne\/#primaryimage","url":"https:\/\/www.cotesducouchois.com\/wp-content\/uploads\/2021\/02\/VTA.png","contentUrl":"https:\/\/www.cotesducouchois.com\/wp-content\/uploads\/2021\/02\/VTA.png","width":547,"height":391},{"@type":"BreadcrumbList","@id":"https:\/\/www.cotesducouchois.com\/en\/presse\/vta2020automne\/#breadcrumb","itemListElement":[{"@type":"ListItem","position":1,"name":"Accueil","item":"https:\/\/www.cotesducouchois.com\/"},{"@type":"ListItem","position":2,"name":"Vins &#038; Terroirs Authentiques"}]},{"@type":"WebSite","@id":"https:\/\/www.cotesducouchois.com\/#website","url":"https:\/\/www.cotesducouchois.com\/","name":"C\u00f4tes du Couchois","description":"Union des producteurs et n\u00e9gociants de l&#039;AOC C\u00f4tes du Couchois","potentialAction":[{"@type":"SearchAction","target":{"@type":"EntryPoint","urlTemplate":"https:\/\/www.cotesducouchois.com\/?s={search_term_string}"},"query-input":{"@type":"PropertyValueSpecification","valueRequired":true,"valueName":"search_term_string"}}],"inLanguage":"en-GB"},{"@type":"Person","@id":"https:\/\/www.cotesducouchois.com\/#\/schema\/person\/5485c8894048cc63cdeaa5142ba71adf","name":"Aurelie Bert","url":"https:\/\/www.cotesducouchois.com\/en\/author\/abert\/"}]}},"_links":{"self":[{"href":"https:\/\/www.cotesducouchois.com\/en\/wp-json\/wp\/v2\/posts\/1891","targetHints":{"allow":["GET"]}}],"collection":[{"href":"https:\/\/www.cotesducouchois.com\/en\/wp-json\/wp\/v2\/posts"}],"about":[{"href":"https:\/\/www.cotesducouchois.com\/en\/wp-json\/wp\/v2\/types\/post"}],"author":[{"embeddable":true,"href":"https:\/\/www.cotesducouchois.com\/en\/wp-json\/wp\/v2\/users\/4"}],"replies":[{"embeddable":true,"href":"https:\/\/www.cotesducouchois.com\/en\/wp-json\/wp\/v2\/comments?post=1891"}],"version-history":[{"count":0,"href":"https:\/\/www.cotesducouchois.com\/en\/wp-json\/wp\/v2\/posts\/1891\/revisions"}],"wp:featuredmedia":[{"embeddable":true,"href":"https:\/\/www.cotesducouchois.com\/en\/wp-json\/wp\/v2\/media\/1890"}],"wp:attachment":[{"href":"https:\/\/www.cotesducouchois.com\/en\/wp-json\/wp\/v2\/media?parent=1891"}],"wp:term":[{"taxonomy":"category","embeddable":true,"href":"https:\/\/www.cotesducouchois.com\/en\/wp-json\/wp\/v2\/categories?post=1891"},{"taxonomy":"post_tag","embeddable":true,"href":"https:\/\/www.cotesducouchois.com\/en\/wp-json\/wp\/v2\/tags?post=1891"}],"curies":[{"name":"wp","href":"https:\/\/api.w.org\/{rel}","templated":true}]}}