{"id":1824,"date":"2020-12-30T17:27:00","date_gmt":"2020-12-30T16:27:00","guid":{"rendered":"https:\/\/dev.cotesducouchois.com\/?p=1806"},"modified":"2020-12-30T17:27:00","modified_gmt":"2020-12-30T16:27:00","slug":"2015-10-la-presse","status":"publish","type":"post","link":"https:\/\/www.cotesducouchois.com\/en\/presse\/2015-10-la-presse\/","title":{"rendered":"Demande d&rsquo;AOC en blanc"},"content":{"rendered":"","protected":false},"excerpt":{"rendered":"<p>Quinze ans apr\u00e8s l\u2019obtention de l\u2019AOC en rouge, le Bourgogne c\u00f4te du Couchois entame une d\u00e9marche pour obtenir la reconnaissance en blanc.<\/p>","protected":false},"author":4,"featured_media":1808,"comment_status":"closed","ping_status":"closed","sticky":false,"template":"","format":"standard","meta":{"_et_pb_use_builder":"on","_et_pb_old_content":"","_et_gb_content_width":"","footnotes":""},"categories":[44],"tags":[],"class_list":["post-1824","post","type-post","status-publish","format-standard","has-post-thumbnail","hentry","category-presse"],"yoast_head":"<!-- This site is optimized with the Yoast SEO plugin v27.5 - https:\/\/yoast.com\/product\/yoast-seo-wordpress\/ -->\n<title>Demande d&#039;AOC en blanc - C\u00f4tes du Couchois<\/title>\n<meta name=\"description\" content=\"Quinze ans apr\u00e8s l\u2019obtention de l\u2019AOC en rouge, le Bourgogne c\u00f4te du Couchois entame une d\u00e9marche pour obtenir la reconnaissance en blanc.\" \/>\n<meta name=\"robots\" content=\"index, follow, max-snippet:-1, max-image-preview:large, max-video-preview:-1\" \/>\n<link rel=\"canonical\" href=\"https:\/\/www.cotesducouchois.com\/en\/presse\/2015-10-la-presse\/\" \/>\n<meta property=\"og:locale\" content=\"en_GB\" \/>\n<meta property=\"og:type\" content=\"article\" \/>\n<meta property=\"og:title\" content=\"Demande d&#039;AOC en blanc - C\u00f4tes du Couchois\" \/>\n<meta property=\"og:description\" content=\"Quinze ans apr\u00e8s l\u2019obtention de l\u2019AOC en rouge, le Bourgogne c\u00f4te du Couchois entame une d\u00e9marche pour obtenir la reconnaissance en blanc.\" \/>\n<meta property=\"og:url\" content=\"https:\/\/www.cotesducouchois.com\/en\/presse\/2015-10-la-presse\/\" \/>\n<meta property=\"og:site_name\" content=\"C\u00f4tes du Couchois\" \/>\n<meta property=\"article:published_time\" content=\"2020-12-30T16:27:00+00:00\" \/>\n<meta name=\"author\" content=\"Aurelie Bert\" \/>\n<meta name=\"twitter:card\" content=\"summary_large_image\" \/>\n<meta name=\"twitter:label1\" content=\"Written by\" \/>\n\t<meta name=\"twitter:data1\" content=\"Aurelie Bert\" \/>\n<script type=\"application\/ld+json\" class=\"yoast-schema-graph\">{\"@context\":\"https:\\\/\\\/schema.org\",\"@graph\":[{\"@type\":\"Article\",\"@id\":\"https:\\\/\\\/www.cotesducouchois.com\\\/en\\\/presse\\\/2015-10-la-presse\\\/#article\",\"isPartOf\":{\"@id\":\"https:\\\/\\\/www.cotesducouchois.com\\\/en\\\/presse\\\/2015-10-la-presse\\\/\"},\"author\":{\"name\":\"Aurelie Bert\",\"@id\":\"https:\\\/\\\/www.cotesducouchois.com\\\/#\\\/schema\\\/person\\\/5485c8894048cc63cdeaa5142ba71adf\"},\"headline\":\"Demande d&rsquo;AOC en blanc\",\"datePublished\":\"2020-12-30T16:27:00+00:00\",\"mainEntityOfPage\":{\"@id\":\"https:\\\/\\\/www.cotesducouchois.com\\\/en\\\/presse\\\/2015-10-la-presse\\\/\"},\"wordCount\":4,\"image\":{\"@id\":\"https:\\\/\\\/www.cotesducouchois.com\\\/en\\\/presse\\\/2015-10-la-presse\\\/#primaryimage\"},\"thumbnailUrl\":\"\",\"articleSection\":[\"La Presse\"],\"inLanguage\":\"en-GB\"},{\"@type\":\"WebPage\",\"@id\":\"https:\\\/\\\/www.cotesducouchois.com\\\/en\\\/presse\\\/2015-10-la-presse\\\/\",\"url\":\"https:\\\/\\\/www.cotesducouchois.com\\\/en\\\/presse\\\/2015-10-la-presse\\\/\",\"name\":\"Demande d'AOC en blanc - C\u00f4tes du Couchois\",\"isPartOf\":{\"@id\":\"https:\\\/\\\/www.cotesducouchois.com\\\/#website\"},\"primaryImageOfPage\":{\"@id\":\"https:\\\/\\\/www.cotesducouchois.com\\\/en\\\/presse\\\/2015-10-la-presse\\\/#primaryimage\"},\"image\":{\"@id\":\"https:\\\/\\\/www.cotesducouchois.com\\\/en\\\/presse\\\/2015-10-la-presse\\\/#primaryimage\"},\"thumbnailUrl\":\"\",\"datePublished\":\"2020-12-30T16:27:00+00:00\",\"author\":{\"@id\":\"https:\\\/\\\/www.cotesducouchois.com\\\/#\\\/schema\\\/person\\\/5485c8894048cc63cdeaa5142ba71adf\"},\"description\":\"Quinze ans apr\u00e8s l\u2019obtention de l\u2019AOC en rouge, le Bourgogne c\u00f4te du Couchois entame une d\u00e9marche pour obtenir la reconnaissance en blanc.\",\"breadcrumb\":{\"@id\":\"https:\\\/\\\/www.cotesducouchois.com\\\/en\\\/presse\\\/2015-10-la-presse\\\/#breadcrumb\"},\"inLanguage\":\"en-GB\",\"potentialAction\":[{\"@type\":\"ReadAction\",\"target\":[\"https:\\\/\\\/www.cotesducouchois.com\\\/en\\\/presse\\\/2015-10-la-presse\\\/\"]}]},{\"@type\":\"ImageObject\",\"inLanguage\":\"en-GB\",\"@id\":\"https:\\\/\\\/www.cotesducouchois.com\\\/en\\\/presse\\\/2015-10-la-presse\\\/#primaryimage\",\"url\":\"\",\"contentUrl\":\"\"},{\"@type\":\"BreadcrumbList\",\"@id\":\"https:\\\/\\\/www.cotesducouchois.com\\\/en\\\/presse\\\/2015-10-la-presse\\\/#breadcrumb\",\"itemListElement\":[{\"@type\":\"ListItem\",\"position\":1,\"name\":\"Accueil\",\"item\":\"https:\\\/\\\/www.cotesducouchois.com\\\/\"},{\"@type\":\"ListItem\",\"position\":2,\"name\":\"Demande d&rsquo;AOC en blanc\"}]},{\"@type\":\"WebSite\",\"@id\":\"https:\\\/\\\/www.cotesducouchois.com\\\/#website\",\"url\":\"https:\\\/\\\/www.cotesducouchois.com\\\/\",\"name\":\"C\u00f4tes du Couchois\",\"description\":\"Union des producteurs et n\u00e9gociants de l&#039;AOC C\u00f4tes du Couchois\",\"potentialAction\":[{\"@type\":\"SearchAction\",\"target\":{\"@type\":\"EntryPoint\",\"urlTemplate\":\"https:\\\/\\\/www.cotesducouchois.com\\\/?s={search_term_string}\"},\"query-input\":{\"@type\":\"PropertyValueSpecification\",\"valueRequired\":true,\"valueName\":\"search_term_string\"}}],\"inLanguage\":\"en-GB\"},{\"@type\":\"Person\",\"@id\":\"https:\\\/\\\/www.cotesducouchois.com\\\/#\\\/schema\\\/person\\\/5485c8894048cc63cdeaa5142ba71adf\",\"name\":\"Aurelie Bert\",\"url\":\"https:\\\/\\\/www.cotesducouchois.com\\\/en\\\/author\\\/abert\\\/\"}]}<\/script>\n<!-- \/ Yoast SEO plugin. -->","yoast_head_json":{"title":"Demande d'AOC en blanc - C\u00f4tes du Couchois","description":"Quinze ans apr\u00e8s l\u2019obtention de l\u2019AOC en rouge, le Bourgogne c\u00f4te du Couchois entame une d\u00e9marche pour obtenir la reconnaissance en blanc.","robots":{"index":"index","follow":"follow","max-snippet":"max-snippet:-1","max-image-preview":"max-image-preview:large","max-video-preview":"max-video-preview:-1"},"canonical":"https:\/\/www.cotesducouchois.com\/en\/presse\/2015-10-la-presse\/","og_locale":"en_GB","og_type":"article","og_title":"Demande d'AOC en blanc - C\u00f4tes du Couchois","og_description":"Quinze ans apr\u00e8s l\u2019obtention de l\u2019AOC en rouge, le Bourgogne c\u00f4te du Couchois entame une d\u00e9marche pour obtenir la reconnaissance en blanc.","og_url":"https:\/\/www.cotesducouchois.com\/en\/presse\/2015-10-la-presse\/","og_site_name":"C\u00f4tes du Couchois","article_published_time":"2020-12-30T16:27:00+00:00","author":"Aurelie Bert","twitter_card":"summary_large_image","twitter_misc":{"Written by":"Aurelie Bert"},"schema":{"@context":"https:\/\/schema.org","@graph":[{"@type":"Article","@id":"https:\/\/www.cotesducouchois.com\/en\/presse\/2015-10-la-presse\/#article","isPartOf":{"@id":"https:\/\/www.cotesducouchois.com\/en\/presse\/2015-10-la-presse\/"},"author":{"name":"Aurelie Bert","@id":"https:\/\/www.cotesducouchois.com\/#\/schema\/person\/5485c8894048cc63cdeaa5142ba71adf"},"headline":"Demande d&rsquo;AOC en blanc","datePublished":"2020-12-30T16:27:00+00:00","mainEntityOfPage":{"@id":"https:\/\/www.cotesducouchois.com\/en\/presse\/2015-10-la-presse\/"},"wordCount":4,"image":{"@id":"https:\/\/www.cotesducouchois.com\/en\/presse\/2015-10-la-presse\/#primaryimage"},"thumbnailUrl":"","articleSection":["La Presse"],"inLanguage":"en-GB"},{"@type":"WebPage","@id":"https:\/\/www.cotesducouchois.com\/en\/presse\/2015-10-la-presse\/","url":"https:\/\/www.cotesducouchois.com\/en\/presse\/2015-10-la-presse\/","name":"Demande d'AOC en blanc - C\u00f4tes du Couchois","isPartOf":{"@id":"https:\/\/www.cotesducouchois.com\/#website"},"primaryImageOfPage":{"@id":"https:\/\/www.cotesducouchois.com\/en\/presse\/2015-10-la-presse\/#primaryimage"},"image":{"@id":"https:\/\/www.cotesducouchois.com\/en\/presse\/2015-10-la-presse\/#primaryimage"},"thumbnailUrl":"","datePublished":"2020-12-30T16:27:00+00:00","author":{"@id":"https:\/\/www.cotesducouchois.com\/#\/schema\/person\/5485c8894048cc63cdeaa5142ba71adf"},"description":"Quinze ans apr\u00e8s l\u2019obtention de l\u2019AOC en rouge, le Bourgogne c\u00f4te du Couchois entame une d\u00e9marche pour obtenir la reconnaissance en blanc.","breadcrumb":{"@id":"https:\/\/www.cotesducouchois.com\/en\/presse\/2015-10-la-presse\/#breadcrumb"},"inLanguage":"en-GB","potentialAction":[{"@type":"ReadAction","target":["https:\/\/www.cotesducouchois.com\/en\/presse\/2015-10-la-presse\/"]}]},{"@type":"ImageObject","inLanguage":"en-GB","@id":"https:\/\/www.cotesducouchois.com\/en\/presse\/2015-10-la-presse\/#primaryimage","url":"","contentUrl":""},{"@type":"BreadcrumbList","@id":"https:\/\/www.cotesducouchois.com\/en\/presse\/2015-10-la-presse\/#breadcrumb","itemListElement":[{"@type":"ListItem","position":1,"name":"Accueil","item":"https:\/\/www.cotesducouchois.com\/"},{"@type":"ListItem","position":2,"name":"Demande d&rsquo;AOC en blanc"}]},{"@type":"WebSite","@id":"https:\/\/www.cotesducouchois.com\/#website","url":"https:\/\/www.cotesducouchois.com\/","name":"C\u00f4tes du Couchois","description":"Union des producteurs et n\u00e9gociants de l&#039;AOC C\u00f4tes du Couchois","potentialAction":[{"@type":"SearchAction","target":{"@type":"EntryPoint","urlTemplate":"https:\/\/www.cotesducouchois.com\/?s={search_term_string}"},"query-input":{"@type":"PropertyValueSpecification","valueRequired":true,"valueName":"search_term_string"}}],"inLanguage":"en-GB"},{"@type":"Person","@id":"https:\/\/www.cotesducouchois.com\/#\/schema\/person\/5485c8894048cc63cdeaa5142ba71adf","name":"Aurelie Bert","url":"https:\/\/www.cotesducouchois.com\/en\/author\/abert\/"}]}},"_links":{"self":[{"href":"https:\/\/www.cotesducouchois.com\/en\/wp-json\/wp\/v2\/posts\/1824","targetHints":{"allow":["GET"]}}],"collection":[{"href":"https:\/\/www.cotesducouchois.com\/en\/wp-json\/wp\/v2\/posts"}],"about":[{"href":"https:\/\/www.cotesducouchois.com\/en\/wp-json\/wp\/v2\/types\/post"}],"author":[{"embeddable":true,"href":"https:\/\/www.cotesducouchois.com\/en\/wp-json\/wp\/v2\/users\/4"}],"replies":[{"embeddable":true,"href":"https:\/\/www.cotesducouchois.com\/en\/wp-json\/wp\/v2\/comments?post=1824"}],"version-history":[{"count":0,"href":"https:\/\/www.cotesducouchois.com\/en\/wp-json\/wp\/v2\/posts\/1824\/revisions"}],"wp:featuredmedia":[{"embeddable":true,"href":"https:\/\/www.cotesducouchois.com\/en\/wp-json\/"}],"wp:attachment":[{"href":"https:\/\/www.cotesducouchois.com\/en\/wp-json\/wp\/v2\/media?parent=1824"}],"wp:term":[{"taxonomy":"category","embeddable":true,"href":"https:\/\/www.cotesducouchois.com\/en\/wp-json\/wp\/v2\/categories?post=1824"},{"taxonomy":"post_tag","embeddable":true,"href":"https:\/\/www.cotesducouchois.com\/en\/wp-json\/wp\/v2\/tags?post=1824"}],"curies":[{"name":"wp","href":"https:\/\/api.w.org\/{rel}","templated":true}]}}