{"id":1801,"date":"2021-02-01T18:25:09","date_gmt":"2021-02-01T17:25:09","guid":{"rendered":"https:\/\/www.cotesducouchois.com\/?p=1801"},"modified":"2021-03-03T08:39:48","modified_gmt":"2021-03-03T07:39:48","slug":"2021-02-la-depeche","status":"publish","type":"post","link":"https:\/\/www.cotesducouchois.com\/en\/newsletter\/2021-02-la-depeche\/","title":{"rendered":"La D\u00e9p\u00eache \u2013 F\u00e9vrier 2021"},"content":{"rendered":"","protected":false},"excerpt":{"rendered":"<p>Les ch\u00e2teaux m\u00e9di\u00e9vaux ne sont \u00e0 ce point si fr\u00e9quents pour que ne se cachent derri\u00e8re de bien belles histoires et l\u2019actuel vignoble des C\u00f4tes du Couchois est justement au c\u0153ur de l\u2019une d\u2019entre elles. Pour cela il faut remonter au temps des romains, d\u2019Augustodunum (Autun) et de Cabillonum (Chalon-sur- Sa\u00f4ne) capitale \u00e9conomique des Eduens gr\u00e2ce \u00e0 la Sa\u00f4ne mais surtout \u00e0 la construction de la voie romaine reliant les deux sites.<\/p>","protected":false},"author":1,"featured_media":1802,"comment_status":"closed","ping_status":"closed","sticky":false,"template":"","format":"standard","meta":{"_et_pb_use_builder":"on","_et_pb_old_content":"","_et_gb_content_width":"","footnotes":""},"categories":[38],"tags":[],"class_list":["post-1801","post","type-post","status-publish","format-standard","has-post-thumbnail","hentry","category-newsletter"],"yoast_head":"<!-- This site is optimized with the Yoast SEO plugin v27.4 - https:\/\/yoast.com\/product\/yoast-seo-wordpress\/ -->\n<title>La D\u00e9p\u00eache \u2013 F\u00e9vrier 2021 - C\u00f4tes du Couchois<\/title>\n<meta name=\"description\" content=\"Les ch\u00e2teaux m\u00e9di\u00e9vaux cachent de bien belles histoires et l\u2019actuel vignoble des C\u00f4tes du Couchois est au c\u0153ur de l\u2019une d\u2019entre elles.\" \/>\n<meta name=\"robots\" content=\"index, follow, max-snippet:-1, max-image-preview:large, max-video-preview:-1\" \/>\n<link rel=\"canonical\" href=\"https:\/\/www.cotesducouchois.com\/en\/newsletter\/2021-02-la-depeche\/\" \/>\n<meta property=\"og:locale\" content=\"en_GB\" \/>\n<meta property=\"og:type\" content=\"article\" \/>\n<meta property=\"og:title\" content=\"La D\u00e9p\u00eache \u2013 F\u00e9vrier 2021 - C\u00f4tes du Couchois\" \/>\n<meta property=\"og:description\" content=\"Les ch\u00e2teaux m\u00e9di\u00e9vaux cachent de bien belles histoires et l\u2019actuel vignoble des C\u00f4tes du Couchois est au c\u0153ur de l\u2019une d\u2019entre elles.\" \/>\n<meta property=\"og:url\" content=\"https:\/\/www.cotesducouchois.com\/en\/newsletter\/2021-02-la-depeche\/\" \/>\n<meta property=\"og:site_name\" content=\"C\u00f4tes du Couchois\" \/>\n<meta property=\"article:published_time\" content=\"2021-02-01T17:25:09+00:00\" \/>\n<meta property=\"article:modified_time\" content=\"2021-03-03T07:39:48+00:00\" \/>\n<meta property=\"og:image\" content=\"https:\/\/www.cotesducouchois.com\/wp-content\/uploads\/2021\/02\/La-Depeche-Fevrier-2021.jpg\" \/>\n\t<meta property=\"og:image:width\" content=\"400\" \/>\n\t<meta property=\"og:image:height\" content=\"250\" \/>\n\t<meta property=\"og:image:type\" content=\"image\/jpeg\" \/>\n<meta name=\"author\" content=\"Maestro\" \/>\n<meta name=\"twitter:card\" content=\"summary_large_image\" \/>\n<meta name=\"twitter:label1\" content=\"Written by\" \/>\n\t<meta name=\"twitter:data1\" content=\"Maestro\" \/>\n<script type=\"application\/ld+json\" class=\"yoast-schema-graph\">{\"@context\":\"https:\\\/\\\/schema.org\",\"@graph\":[{\"@type\":\"Article\",\"@id\":\"https:\\\/\\\/www.cotesducouchois.com\\\/newsletter\\\/2021-02-la-depeche\\\/#article\",\"isPartOf\":{\"@id\":\"https:\\\/\\\/www.cotesducouchois.com\\\/newsletter\\\/2021-02-la-depeche\\\/\"},\"author\":{\"name\":\"Maestro\",\"@id\":\"https:\\\/\\\/www.cotesducouchois.com\\\/#\\\/schema\\\/person\\\/afd65c9fa0c78ebc70be04e108e15de0\"},\"headline\":\"La D\u00e9p\u00eache \u2013 F\u00e9vrier 2021\",\"datePublished\":\"2021-02-01T17:25:09+00:00\",\"dateModified\":\"2021-03-03T07:39:48+00:00\",\"mainEntityOfPage\":{\"@id\":\"https:\\\/\\\/www.cotesducouchois.com\\\/newsletter\\\/2021-02-la-depeche\\\/\"},\"wordCount\":6,\"image\":{\"@id\":\"https:\\\/\\\/www.cotesducouchois.com\\\/newsletter\\\/2021-02-la-depeche\\\/#primaryimage\"},\"thumbnailUrl\":\"https:\\\/\\\/www.cotesducouchois.com\\\/wp-content\\\/uploads\\\/2021\\\/02\\\/La-Depeche-Fevrier-2021.jpg\",\"articleSection\":[\"La d\u00e9p\u00eache de l'union\"],\"inLanguage\":\"en-GB\"},{\"@type\":\"WebPage\",\"@id\":\"https:\\\/\\\/www.cotesducouchois.com\\\/newsletter\\\/2021-02-la-depeche\\\/\",\"url\":\"https:\\\/\\\/www.cotesducouchois.com\\\/newsletter\\\/2021-02-la-depeche\\\/\",\"name\":\"La D\u00e9p\u00eache \u2013 F\u00e9vrier 2021 - C\u00f4tes du Couchois\",\"isPartOf\":{\"@id\":\"https:\\\/\\\/www.cotesducouchois.com\\\/#website\"},\"primaryImageOfPage\":{\"@id\":\"https:\\\/\\\/www.cotesducouchois.com\\\/newsletter\\\/2021-02-la-depeche\\\/#primaryimage\"},\"image\":{\"@id\":\"https:\\\/\\\/www.cotesducouchois.com\\\/newsletter\\\/2021-02-la-depeche\\\/#primaryimage\"},\"thumbnailUrl\":\"https:\\\/\\\/www.cotesducouchois.com\\\/wp-content\\\/uploads\\\/2021\\\/02\\\/La-Depeche-Fevrier-2021.jpg\",\"datePublished\":\"2021-02-01T17:25:09+00:00\",\"dateModified\":\"2021-03-03T07:39:48+00:00\",\"author\":{\"@id\":\"https:\\\/\\\/www.cotesducouchois.com\\\/#\\\/schema\\\/person\\\/afd65c9fa0c78ebc70be04e108e15de0\"},\"description\":\"Les ch\u00e2teaux m\u00e9di\u00e9vaux cachent de bien belles histoires et l\u2019actuel vignoble des C\u00f4tes du Couchois est au c\u0153ur de l\u2019une d\u2019entre elles.\",\"breadcrumb\":{\"@id\":\"https:\\\/\\\/www.cotesducouchois.com\\\/newsletter\\\/2021-02-la-depeche\\\/#breadcrumb\"},\"inLanguage\":\"en-GB\",\"potentialAction\":[{\"@type\":\"ReadAction\",\"target\":[\"https:\\\/\\\/www.cotesducouchois.com\\\/newsletter\\\/2021-02-la-depeche\\\/\"]}]},{\"@type\":\"ImageObject\",\"inLanguage\":\"en-GB\",\"@id\":\"https:\\\/\\\/www.cotesducouchois.com\\\/newsletter\\\/2021-02-la-depeche\\\/#primaryimage\",\"url\":\"https:\\\/\\\/www.cotesducouchois.com\\\/wp-content\\\/uploads\\\/2021\\\/02\\\/La-Depeche-Fevrier-2021.jpg\",\"contentUrl\":\"https:\\\/\\\/www.cotesducouchois.com\\\/wp-content\\\/uploads\\\/2021\\\/02\\\/La-Depeche-Fevrier-2021.jpg\",\"width\":400,\"height\":250,\"caption\":\"Plan de la ville de Dracy\"},{\"@type\":\"BreadcrumbList\",\"@id\":\"https:\\\/\\\/www.cotesducouchois.com\\\/newsletter\\\/2021-02-la-depeche\\\/#breadcrumb\",\"itemListElement\":[{\"@type\":\"ListItem\",\"position\":1,\"name\":\"Accueil\",\"item\":\"https:\\\/\\\/www.cotesducouchois.com\\\/\"},{\"@type\":\"ListItem\",\"position\":2,\"name\":\"La D\u00e9p\u00eache \u2013 F\u00e9vrier 2021\"}]},{\"@type\":\"WebSite\",\"@id\":\"https:\\\/\\\/www.cotesducouchois.com\\\/#website\",\"url\":\"https:\\\/\\\/www.cotesducouchois.com\\\/\",\"name\":\"C\u00f4tes du Couchois\",\"description\":\"Union des producteurs et n\u00e9gociants de l&#039;AOC C\u00f4tes du Couchois\",\"potentialAction\":[{\"@type\":\"SearchAction\",\"target\":{\"@type\":\"EntryPoint\",\"urlTemplate\":\"https:\\\/\\\/www.cotesducouchois.com\\\/?s={search_term_string}\"},\"query-input\":{\"@type\":\"PropertyValueSpecification\",\"valueRequired\":true,\"valueName\":\"search_term_string\"}}],\"inLanguage\":\"en-GB\"},{\"@type\":\"Person\",\"@id\":\"https:\\\/\\\/www.cotesducouchois.com\\\/#\\\/schema\\\/person\\\/afd65c9fa0c78ebc70be04e108e15de0\",\"name\":\"Maestro\",\"url\":\"https:\\\/\\\/www.cotesducouchois.com\\\/en\\\/author\\\/maestro\\\/\"}]}<\/script>\n<!-- \/ Yoast SEO plugin. -->","yoast_head_json":{"title":"La D\u00e9p\u00eache \u2013 F\u00e9vrier 2021 - C\u00f4tes du Couchois","description":"Les ch\u00e2teaux m\u00e9di\u00e9vaux cachent de bien belles histoires et l\u2019actuel vignoble des C\u00f4tes du Couchois est au c\u0153ur de l\u2019une d\u2019entre elles.","robots":{"index":"index","follow":"follow","max-snippet":"max-snippet:-1","max-image-preview":"max-image-preview:large","max-video-preview":"max-video-preview:-1"},"canonical":"https:\/\/www.cotesducouchois.com\/en\/newsletter\/2021-02-la-depeche\/","og_locale":"en_GB","og_type":"article","og_title":"La D\u00e9p\u00eache \u2013 F\u00e9vrier 2021 - C\u00f4tes du Couchois","og_description":"Les ch\u00e2teaux m\u00e9di\u00e9vaux cachent de bien belles histoires et l\u2019actuel vignoble des C\u00f4tes du Couchois est au c\u0153ur de l\u2019une d\u2019entre elles.","og_url":"https:\/\/www.cotesducouchois.com\/en\/newsletter\/2021-02-la-depeche\/","og_site_name":"C\u00f4tes du Couchois","article_published_time":"2021-02-01T17:25:09+00:00","article_modified_time":"2021-03-03T07:39:48+00:00","og_image":[{"width":400,"height":250,"url":"https:\/\/www.cotesducouchois.com\/wp-content\/uploads\/2021\/02\/La-Depeche-Fevrier-2021.jpg","type":"image\/jpeg"}],"author":"Maestro","twitter_card":"summary_large_image","twitter_misc":{"Written by":"Maestro"},"schema":{"@context":"https:\/\/schema.org","@graph":[{"@type":"Article","@id":"https:\/\/www.cotesducouchois.com\/newsletter\/2021-02-la-depeche\/#article","isPartOf":{"@id":"https:\/\/www.cotesducouchois.com\/newsletter\/2021-02-la-depeche\/"},"author":{"name":"Maestro","@id":"https:\/\/www.cotesducouchois.com\/#\/schema\/person\/afd65c9fa0c78ebc70be04e108e15de0"},"headline":"La D\u00e9p\u00eache \u2013 F\u00e9vrier 2021","datePublished":"2021-02-01T17:25:09+00:00","dateModified":"2021-03-03T07:39:48+00:00","mainEntityOfPage":{"@id":"https:\/\/www.cotesducouchois.com\/newsletter\/2021-02-la-depeche\/"},"wordCount":6,"image":{"@id":"https:\/\/www.cotesducouchois.com\/newsletter\/2021-02-la-depeche\/#primaryimage"},"thumbnailUrl":"https:\/\/www.cotesducouchois.com\/wp-content\/uploads\/2021\/02\/La-Depeche-Fevrier-2021.jpg","articleSection":["La d\u00e9p\u00eache de l'union"],"inLanguage":"en-GB"},{"@type":"WebPage","@id":"https:\/\/www.cotesducouchois.com\/newsletter\/2021-02-la-depeche\/","url":"https:\/\/www.cotesducouchois.com\/newsletter\/2021-02-la-depeche\/","name":"La D\u00e9p\u00eache \u2013 F\u00e9vrier 2021 - C\u00f4tes du Couchois","isPartOf":{"@id":"https:\/\/www.cotesducouchois.com\/#website"},"primaryImageOfPage":{"@id":"https:\/\/www.cotesducouchois.com\/newsletter\/2021-02-la-depeche\/#primaryimage"},"image":{"@id":"https:\/\/www.cotesducouchois.com\/newsletter\/2021-02-la-depeche\/#primaryimage"},"thumbnailUrl":"https:\/\/www.cotesducouchois.com\/wp-content\/uploads\/2021\/02\/La-Depeche-Fevrier-2021.jpg","datePublished":"2021-02-01T17:25:09+00:00","dateModified":"2021-03-03T07:39:48+00:00","author":{"@id":"https:\/\/www.cotesducouchois.com\/#\/schema\/person\/afd65c9fa0c78ebc70be04e108e15de0"},"description":"Les ch\u00e2teaux m\u00e9di\u00e9vaux cachent de bien belles histoires et l\u2019actuel vignoble des C\u00f4tes du Couchois est au c\u0153ur de l\u2019une d\u2019entre elles.","breadcrumb":{"@id":"https:\/\/www.cotesducouchois.com\/newsletter\/2021-02-la-depeche\/#breadcrumb"},"inLanguage":"en-GB","potentialAction":[{"@type":"ReadAction","target":["https:\/\/www.cotesducouchois.com\/newsletter\/2021-02-la-depeche\/"]}]},{"@type":"ImageObject","inLanguage":"en-GB","@id":"https:\/\/www.cotesducouchois.com\/newsletter\/2021-02-la-depeche\/#primaryimage","url":"https:\/\/www.cotesducouchois.com\/wp-content\/uploads\/2021\/02\/La-Depeche-Fevrier-2021.jpg","contentUrl":"https:\/\/www.cotesducouchois.com\/wp-content\/uploads\/2021\/02\/La-Depeche-Fevrier-2021.jpg","width":400,"height":250,"caption":"Plan de la ville de Dracy"},{"@type":"BreadcrumbList","@id":"https:\/\/www.cotesducouchois.com\/newsletter\/2021-02-la-depeche\/#breadcrumb","itemListElement":[{"@type":"ListItem","position":1,"name":"Accueil","item":"https:\/\/www.cotesducouchois.com\/"},{"@type":"ListItem","position":2,"name":"La D\u00e9p\u00eache \u2013 F\u00e9vrier 2021"}]},{"@type":"WebSite","@id":"https:\/\/www.cotesducouchois.com\/#website","url":"https:\/\/www.cotesducouchois.com\/","name":"C\u00f4tes du Couchois","description":"Union des producteurs et n\u00e9gociants de l&#039;AOC C\u00f4tes du Couchois","potentialAction":[{"@type":"SearchAction","target":{"@type":"EntryPoint","urlTemplate":"https:\/\/www.cotesducouchois.com\/?s={search_term_string}"},"query-input":{"@type":"PropertyValueSpecification","valueRequired":true,"valueName":"search_term_string"}}],"inLanguage":"en-GB"},{"@type":"Person","@id":"https:\/\/www.cotesducouchois.com\/#\/schema\/person\/afd65c9fa0c78ebc70be04e108e15de0","name":"Maestro","url":"https:\/\/www.cotesducouchois.com\/en\/author\/maestro\/"}]}},"_links":{"self":[{"href":"https:\/\/www.cotesducouchois.com\/en\/wp-json\/wp\/v2\/posts\/1801","targetHints":{"allow":["GET"]}}],"collection":[{"href":"https:\/\/www.cotesducouchois.com\/en\/wp-json\/wp\/v2\/posts"}],"about":[{"href":"https:\/\/www.cotesducouchois.com\/en\/wp-json\/wp\/v2\/types\/post"}],"author":[{"embeddable":true,"href":"https:\/\/www.cotesducouchois.com\/en\/wp-json\/wp\/v2\/users\/1"}],"replies":[{"embeddable":true,"href":"https:\/\/www.cotesducouchois.com\/en\/wp-json\/wp\/v2\/comments?post=1801"}],"version-history":[{"count":1,"href":"https:\/\/www.cotesducouchois.com\/en\/wp-json\/wp\/v2\/posts\/1801\/revisions"}],"predecessor-version":[{"id":1803,"href":"https:\/\/www.cotesducouchois.com\/en\/wp-json\/wp\/v2\/posts\/1801\/revisions\/1803"}],"wp:featuredmedia":[{"embeddable":true,"href":"https:\/\/www.cotesducouchois.com\/en\/wp-json\/wp\/v2\/media\/1802"}],"wp:attachment":[{"href":"https:\/\/www.cotesducouchois.com\/en\/wp-json\/wp\/v2\/media?parent=1801"}],"wp:term":[{"taxonomy":"category","embeddable":true,"href":"https:\/\/www.cotesducouchois.com\/en\/wp-json\/wp\/v2\/categories?post=1801"},{"taxonomy":"post_tag","embeddable":true,"href":"https:\/\/www.cotesducouchois.com\/en\/wp-json\/wp\/v2\/tags?post=1801"}],"curies":[{"name":"wp","href":"https:\/\/api.w.org\/{rel}","templated":true}]}}